{"id":1450,"date":"2022-09-17T15:32:51","date_gmt":"2022-09-17T18:32:51","guid":{"rendered":"http:\/\/br772.teste.website\/~blogsh55\/?p=1450"},"modified":"2022-10-27T12:43:39","modified_gmt":"2022-10-27T15:43:39","slug":"tendencias-de-decoracao-4-trends-para-mudar-os-ares-da-sua-casa","status":"publish","type":"post","link":"https:\/\/webnasc.com\/eldorado\/tendencias-de-decoracao-4-trends-para-mudar-os-ares-da-sua-casa\/","title":{"rendered":"Tend\u00eancias de decora\u00e7\u00e3o: 4 trends para mudar os ares da sua casa"},"content":{"rendered":"\n<p>Quando decidimos mudar a <strong>decora\u00e7\u00e3o<\/strong> de casa, nem sempre damos aten\u00e7\u00e3o para as \u00e1reas externas, n\u00e3o \u00e9 mesmo? \u00c9 not\u00e1vel o quanto a nossa preocupa\u00e7\u00e3o acaba sempre voltada aos m\u00f3veis da sala e dos quartos. Por\u00e9m, pensar na reforma deste ambiente \u00e9 importante e pode ser super divertido tamb\u00e9m.<\/p>\n\n\n\n<p>Os quintais servem como ref\u00fagios e, por isso, eles devem transmitir conforto, aconchego e bem-estar \u00e0s pessoas que est\u00e3o ali. Pense assim: \u00e9 como decorar uma sala de jogos, s\u00f3 que ao ar livre!<br>Parece ser bem desafiador, mas n\u00e3o se preocupe\u2026 Separamos quatro <strong>tend\u00eancias de decora\u00e7\u00e3o<\/strong> para a sua \u00e1rea externa. Acompanhe a leitura!<\/p>\n\n\n\n<h2 class=\"wp-block-heading\">Chegou a hora de reformar a sua casa? Aqui v\u00e3o 4 tend\u00eancias de decora\u00e7\u00e3o para a sua \u00e1rea externa!&nbsp;<\/h2>\n\n\n\n<p>Est\u00e1 com d\u00favidas sobre como come\u00e7ar? Com algumas sugest\u00f5es b\u00e1sicas \u00e9 poss\u00edvel renovar todo o ambiente externo e, assim, garantir um espa\u00e7o ainda mais aconchegante para todos os moradores. Vamos nessa?!<\/p>\n\n\n\n<h3 class=\"wp-block-heading\"><strong>1) Renove os seus m\u00f3veis, opte pela fibra sint\u00e9tica!&nbsp;<\/strong><\/h3>\n\n\n\n<p>A facilidade de manuten\u00e7\u00e3o e resist\u00eancia \u00e0s mudan\u00e7as de temperatura, chuva, sol, frio e calor tornam os m\u00f3veis de fibra sint\u00e9tica comuns na <strong>decora\u00e7\u00e3o de \u00e1rea externa<\/strong>.&nbsp;<\/p>\n\n\n\n<p>O acabamento em palha ainda promove um visual sofisticado e charmoso. As op\u00e7\u00f5es encontradas no mercado s\u00e3o a trama, fibra, vime, junco e o rattan, que comp\u00f5em mesas, bancos e cadeiras que resistem at\u00e9 mesmo \u00e0 brisa do mar.<\/p>\n\n\n\n<p>Para serem aut\u00eanticas, as \u00e1reas externas precisam de m\u00f3veis que, al\u00e9m de funcionais e resistentes ao tempo, decoram o ambiente e deixam o local confort\u00e1vel, criando uma atmosfera perfeita para reunir o pessoal.&nbsp;<\/p>\n\n\n\n<p>Existem muitas op\u00e7\u00f5es para voc\u00ea compor o seu jardim com m\u00f3veis de fibra sint\u00e9tica. Confira!<\/p>\n\n\n\n<h4 class=\"wp-block-heading\"><strong>5 m\u00f3veis de fibra sint\u00e9tica para a \u00e1rea externa<\/strong><\/h4>\n\n\n\n<h5 class=\"wp-block-heading\">1. Bancos para jardim&nbsp;<\/h5>\n\n\n\n<p>O banco de jardim \u00e9 uma excelente aquisi\u00e7\u00e3o para receber os amigos de forma confort\u00e1vel. Mas fique atento ao tamanho!<\/p>\n\n\n\n<h5 class=\"wp-block-heading\">2. Banqueta para jardim<\/h5>\n\n\n\n<p>A banqueta \u00e9 um item vers\u00e1til e indispens\u00e1vel para o seu quintal.<\/p>\n\n\n\n<h5 class=\"wp-block-heading\">3. Cadeiras para jardim<\/h5>\n\n\n\n<p>As cadeiras de fibra sint\u00e9tica s\u00e3o muito indicadas, principalmente por conta do seu aspecto visual.<\/p>\n\n\n\n<h5 class=\"wp-block-heading\">4. Espregui\u00e7adeiras&nbsp;<\/h5>\n\n\n\n<p>As espregui\u00e7adeiras s\u00e3o perfeitas para quem gosta de relaxar na \u00e1rea externa da casa.<\/p>\n\n\n\n<h5 class=\"wp-block-heading\">5. Sof\u00e1s para jardim&nbsp;<\/h5>\n\n\n\n<p>Perfeito para receber visitas e mudar um pouco a rotina.<\/p>\n","protected":false},"excerpt":{"rendered":"<p>Quando decidimos mudar a decora\u00e7\u00e3o de casa, nem sempre damos aten\u00e7\u00e3o para as \u00e1reas externas, n\u00e3o \u00e9 mesmo? \u00c9 not\u00e1vel o quanto a nossa preocupa\u00e7\u00e3o acaba sempre voltada aos m\u00f3veis da sala e dos quartos. Por\u00e9m, pensar na reforma deste ambiente \u00e9 importante e pode ser super divertido tamb\u00e9m. Os quintais servem como ref\u00fagios e, [&hellip;]<\/p>\n","protected":false},"author":1,"featured_media":1452,"comment_status":"open","ping_status":"open","sticky":false,"template":"","format":"standard","meta":{"footnotes":""},"categories":[6],"tags":[],"class_list":["post-1450","post","type-post","status-publish","format-standard","has-post-thumbnail","hentry","category-home-decor"],"yoast_head":"<!-- This site is optimized with the Yoast SEO plugin v27.2 - https:\/\/yoast.com\/product\/yoast-seo-wordpress\/ -->\n<title>Tend\u00eancias de decora\u00e7\u00e3o: 4 trends para mudar os ares da sua casa - Blog do Shopping Eldorado<\/title>\n<meta name=\"robots\" content=\"index, follow, max-snippet:-1, max-image-preview:large, max-video-preview:-1\" \/>\n<link rel=\"canonical\" href=\"https:\/\/webnasc.com\/eldorado\/tendencias-de-decoracao-4-trends-para-mudar-os-ares-da-sua-casa\/\" \/>\n<meta property=\"og:locale\" content=\"pt_BR\" \/>\n<meta property=\"og:type\" content=\"article\" \/>\n<meta property=\"og:title\" content=\"Tend\u00eancias de decora\u00e7\u00e3o: 4 trends para mudar os ares da sua casa - Blog do Shopping Eldorado\" \/>\n<meta property=\"og:description\" content=\"Quando decidimos mudar a decora\u00e7\u00e3o de casa, nem sempre damos aten\u00e7\u00e3o para as \u00e1reas externas, n\u00e3o \u00e9 mesmo? \u00c9 not\u00e1vel o quanto a nossa preocupa\u00e7\u00e3o acaba sempre voltada aos m\u00f3veis da sala e dos quartos. Por\u00e9m, pensar na reforma deste ambiente \u00e9 importante e pode ser super divertido tamb\u00e9m. Os quintais servem como ref\u00fagios e, [&hellip;]\" \/>\n<meta property=\"og:url\" content=\"https:\/\/webnasc.com\/eldorado\/tendencias-de-decoracao-4-trends-para-mudar-os-ares-da-sua-casa\/\" \/>\n<meta property=\"og:site_name\" content=\"Blog do Shopping Eldorado\" \/>\n<meta property=\"article:published_time\" content=\"2022-09-17T18:32:51+00:00\" \/>\n<meta property=\"article:modified_time\" content=\"2022-10-27T15:43:39+00:00\" \/>\n<meta property=\"og:image\" content=\"https:\/\/webnasc.com\/eldorado\/wp-content\/uploads\/2022\/09\/4-tendencias.jpg\" \/>\n\t<meta property=\"og:image:width\" content=\"1170\" \/>\n\t<meta property=\"og:image:height\" content=\"685\" \/>\n\t<meta property=\"og:image:type\" content=\"image\/jpeg\" \/>\n<meta name=\"author\" content=\"YfUiF46A\" \/>\n<meta name=\"twitter:card\" content=\"summary_large_image\" \/>\n<meta name=\"twitter:label1\" content=\"Escrito por\" \/>\n\t<meta name=\"twitter:data1\" content=\"YfUiF46A\" \/>\n\t<meta name=\"twitter:label2\" content=\"Est. tempo de leitura\" \/>\n\t<meta name=\"twitter:data2\" content=\"3 minutos\" \/>\n<script type=\"application\/ld+json\" class=\"yoast-schema-graph\">{\"@context\":\"https:\/\/schema.org\",\"@graph\":[{\"@type\":\"Article\",\"@id\":\"https:\/\/webnasc.com\/eldorado\/tendencias-de-decoracao-4-trends-para-mudar-os-ares-da-sua-casa\/#article\",\"isPartOf\":{\"@id\":\"https:\/\/webnasc.com\/eldorado\/tendencias-de-decoracao-4-trends-para-mudar-os-ares-da-sua-casa\/\"},\"author\":{\"name\":\"YfUiF46A\",\"@id\":\"https:\/\/webnasc.com\/eldorado\/#\/schema\/person\/19412b40961bb518fe08dac1c2cd064e\"},\"headline\":\"Tend\u00eancias de decora\u00e7\u00e3o: 4 trends para mudar os ares da sua casa\",\"datePublished\":\"2022-09-17T18:32:51+00:00\",\"dateModified\":\"2022-10-27T15:43:39+00:00\",\"mainEntityOfPage\":{\"@id\":\"https:\/\/webnasc.com\/eldorado\/tendencias-de-decoracao-4-trends-para-mudar-os-ares-da-sua-casa\/\"},\"wordCount\":431,\"commentCount\":0,\"image\":{\"@id\":\"https:\/\/webnasc.com\/eldorado\/tendencias-de-decoracao-4-trends-para-mudar-os-ares-da-sua-casa\/#primaryimage\"},\"thumbnailUrl\":\"https:\/\/webnasc.com\/eldorado\/wp-content\/uploads\/2022\/09\/4-tendencias.jpg\",\"articleSection\":[\"Home Decor\"],\"inLanguage\":\"pt-BR\",\"potentialAction\":[{\"@type\":\"CommentAction\",\"name\":\"Comment\",\"target\":[\"https:\/\/webnasc.com\/eldorado\/tendencias-de-decoracao-4-trends-para-mudar-os-ares-da-sua-casa\/#respond\"]}]},{\"@type\":\"WebPage\",\"@id\":\"https:\/\/webnasc.com\/eldorado\/tendencias-de-decoracao-4-trends-para-mudar-os-ares-da-sua-casa\/\",\"url\":\"https:\/\/webnasc.com\/eldorado\/tendencias-de-decoracao-4-trends-para-mudar-os-ares-da-sua-casa\/\",\"name\":\"Tend\u00eancias de decora\u00e7\u00e3o: 4 trends para mudar os ares da sua casa - Blog do Shopping Eldorado\",\"isPartOf\":{\"@id\":\"https:\/\/webnasc.com\/eldorado\/#website\"},\"primaryImageOfPage\":{\"@id\":\"https:\/\/webnasc.com\/eldorado\/tendencias-de-decoracao-4-trends-para-mudar-os-ares-da-sua-casa\/#primaryimage\"},\"image\":{\"@id\":\"https:\/\/webnasc.com\/eldorado\/tendencias-de-decoracao-4-trends-para-mudar-os-ares-da-sua-casa\/#primaryimage\"},\"thumbnailUrl\":\"https:\/\/webnasc.com\/eldorado\/wp-content\/uploads\/2022\/09\/4-tendencias.jpg\",\"datePublished\":\"2022-09-17T18:32:51+00:00\",\"dateModified\":\"2022-10-27T15:43:39+00:00\",\"author\":{\"@id\":\"https:\/\/webnasc.com\/eldorado\/#\/schema\/person\/19412b40961bb518fe08dac1c2cd064e\"},\"breadcrumb\":{\"@id\":\"https:\/\/webnasc.com\/eldorado\/tendencias-de-decoracao-4-trends-para-mudar-os-ares-da-sua-casa\/#breadcrumb\"},\"inLanguage\":\"pt-BR\",\"potentialAction\":[{\"@type\":\"ReadAction\",\"target\":[\"https:\/\/webnasc.com\/eldorado\/tendencias-de-decoracao-4-trends-para-mudar-os-ares-da-sua-casa\/\"]}]},{\"@type\":\"ImageObject\",\"inLanguage\":\"pt-BR\",\"@id\":\"https:\/\/webnasc.com\/eldorado\/tendencias-de-decoracao-4-trends-para-mudar-os-ares-da-sua-casa\/#primaryimage\",\"url\":\"https:\/\/webnasc.com\/eldorado\/wp-content\/uploads\/2022\/09\/4-tendencias.jpg\",\"contentUrl\":\"https:\/\/webnasc.com\/eldorado\/wp-content\/uploads\/2022\/09\/4-tendencias.jpg\",\"width\":1170,\"height\":685},{\"@type\":\"BreadcrumbList\",\"@id\":\"https:\/\/webnasc.com\/eldorado\/tendencias-de-decoracao-4-trends-para-mudar-os-ares-da-sua-casa\/#breadcrumb\",\"itemListElement\":[{\"@type\":\"ListItem\",\"position\":1,\"name\":\"Home\",\"item\":\"https:\/\/webnasc.com\/eldorado\/\"},{\"@type\":\"ListItem\",\"position\":2,\"name\":\"Tend\u00eancias de decora\u00e7\u00e3o: 4 trends para mudar os ares da sua casa\"}]},{\"@type\":\"WebSite\",\"@id\":\"https:\/\/webnasc.com\/eldorado\/#website\",\"url\":\"https:\/\/webnasc.com\/eldorado\/\",\"name\":\"Blog do Shopping Eldorado\",\"description\":\"O seu shopping favorito agora entrega na sua casa! Vem para o Shopping Eldorado Store\",\"potentialAction\":[{\"@type\":\"SearchAction\",\"target\":{\"@type\":\"EntryPoint\",\"urlTemplate\":\"https:\/\/webnasc.com\/eldorado\/?s={search_term_string}\"},\"query-input\":{\"@type\":\"PropertyValueSpecification\",\"valueRequired\":true,\"valueName\":\"search_term_string\"}}],\"inLanguage\":\"pt-BR\"},{\"@type\":\"Person\",\"@id\":\"https:\/\/webnasc.com\/eldorado\/#\/schema\/person\/19412b40961bb518fe08dac1c2cd064e\",\"name\":\"YfUiF46A\",\"image\":{\"@type\":\"ImageObject\",\"inLanguage\":\"pt-BR\",\"@id\":\"https:\/\/secure.gravatar.com\/avatar\/1f65e6f958ebe87fa4149c37609af9c2fae8b1a8127452c09565315b682b49bf?s=96&d=mm&r=g\",\"url\":\"https:\/\/secure.gravatar.com\/avatar\/1f65e6f958ebe87fa4149c37609af9c2fae8b1a8127452c09565315b682b49bf?s=96&d=mm&r=g\",\"contentUrl\":\"https:\/\/secure.gravatar.com\/avatar\/1f65e6f958ebe87fa4149c37609af9c2fae8b1a8127452c09565315b682b49bf?s=96&d=mm&r=g\",\"caption\":\"YfUiF46A\"},\"sameAs\":[\"https:\/\/webnasc.com\/eldorado\"],\"url\":\"https:\/\/webnasc.com\/eldorado\/author\/yfuif46a\/\"}]}<\/script>\n<!-- \/ Yoast SEO plugin. -->","yoast_head_json":{"title":"Tend\u00eancias de decora\u00e7\u00e3o: 4 trends para mudar os ares da sua casa - Blog do Shopping Eldorado","robots":{"index":"index","follow":"follow","max-snippet":"max-snippet:-1","max-image-preview":"max-image-preview:large","max-video-preview":"max-video-preview:-1"},"canonical":"https:\/\/webnasc.com\/eldorado\/tendencias-de-decoracao-4-trends-para-mudar-os-ares-da-sua-casa\/","og_locale":"pt_BR","og_type":"article","og_title":"Tend\u00eancias de decora\u00e7\u00e3o: 4 trends para mudar os ares da sua casa - Blog do Shopping Eldorado","og_description":"Quando decidimos mudar a decora\u00e7\u00e3o de casa, nem sempre damos aten\u00e7\u00e3o para as \u00e1reas externas, n\u00e3o \u00e9 mesmo? \u00c9 not\u00e1vel o quanto a nossa preocupa\u00e7\u00e3o acaba sempre voltada aos m\u00f3veis da sala e dos quartos. Por\u00e9m, pensar na reforma deste ambiente \u00e9 importante e pode ser super divertido tamb\u00e9m. Os quintais servem como ref\u00fagios e, [&hellip;]","og_url":"https:\/\/webnasc.com\/eldorado\/tendencias-de-decoracao-4-trends-para-mudar-os-ares-da-sua-casa\/","og_site_name":"Blog do Shopping Eldorado","article_published_time":"2022-09-17T18:32:51+00:00","article_modified_time":"2022-10-27T15:43:39+00:00","og_image":[{"width":1170,"height":685,"url":"https:\/\/webnasc.com\/eldorado\/wp-content\/uploads\/2022\/09\/4-tendencias.jpg","type":"image\/jpeg"}],"author":"YfUiF46A","twitter_card":"summary_large_image","twitter_misc":{"Escrito por":"YfUiF46A","Est. tempo de leitura":"3 minutos"},"schema":{"@context":"https:\/\/schema.org","@graph":[{"@type":"Article","@id":"https:\/\/webnasc.com\/eldorado\/tendencias-de-decoracao-4-trends-para-mudar-os-ares-da-sua-casa\/#article","isPartOf":{"@id":"https:\/\/webnasc.com\/eldorado\/tendencias-de-decoracao-4-trends-para-mudar-os-ares-da-sua-casa\/"},"author":{"name":"YfUiF46A","@id":"https:\/\/webnasc.com\/eldorado\/#\/schema\/person\/19412b40961bb518fe08dac1c2cd064e"},"headline":"Tend\u00eancias de decora\u00e7\u00e3o: 4 trends para mudar os ares da sua casa","datePublished":"2022-09-17T18:32:51+00:00","dateModified":"2022-10-27T15:43:39+00:00","mainEntityOfPage":{"@id":"https:\/\/webnasc.com\/eldorado\/tendencias-de-decoracao-4-trends-para-mudar-os-ares-da-sua-casa\/"},"wordCount":431,"commentCount":0,"image":{"@id":"https:\/\/webnasc.com\/eldorado\/tendencias-de-decoracao-4-trends-para-mudar-os-ares-da-sua-casa\/#primaryimage"},"thumbnailUrl":"https:\/\/webnasc.com\/eldorado\/wp-content\/uploads\/2022\/09\/4-tendencias.jpg","articleSection":["Home Decor"],"inLanguage":"pt-BR","potentialAction":[{"@type":"CommentAction","name":"Comment","target":["https:\/\/webnasc.com\/eldorado\/tendencias-de-decoracao-4-trends-para-mudar-os-ares-da-sua-casa\/#respond"]}]},{"@type":"WebPage","@id":"https:\/\/webnasc.com\/eldorado\/tendencias-de-decoracao-4-trends-para-mudar-os-ares-da-sua-casa\/","url":"https:\/\/webnasc.com\/eldorado\/tendencias-de-decoracao-4-trends-para-mudar-os-ares-da-sua-casa\/","name":"Tend\u00eancias de decora\u00e7\u00e3o: 4 trends para mudar os ares da sua casa - Blog do Shopping Eldorado","isPartOf":{"@id":"https:\/\/webnasc.com\/eldorado\/#website"},"primaryImageOfPage":{"@id":"https:\/\/webnasc.com\/eldorado\/tendencias-de-decoracao-4-trends-para-mudar-os-ares-da-sua-casa\/#primaryimage"},"image":{"@id":"https:\/\/webnasc.com\/eldorado\/tendencias-de-decoracao-4-trends-para-mudar-os-ares-da-sua-casa\/#primaryimage"},"thumbnailUrl":"https:\/\/webnasc.com\/eldorado\/wp-content\/uploads\/2022\/09\/4-tendencias.jpg","datePublished":"2022-09-17T18:32:51+00:00","dateModified":"2022-10-27T15:43:39+00:00","author":{"@id":"https:\/\/webnasc.com\/eldorado\/#\/schema\/person\/19412b40961bb518fe08dac1c2cd064e"},"breadcrumb":{"@id":"https:\/\/webnasc.com\/eldorado\/tendencias-de-decoracao-4-trends-para-mudar-os-ares-da-sua-casa\/#breadcrumb"},"inLanguage":"pt-BR","potentialAction":[{"@type":"ReadAction","target":["https:\/\/webnasc.com\/eldorado\/tendencias-de-decoracao-4-trends-para-mudar-os-ares-da-sua-casa\/"]}]},{"@type":"ImageObject","inLanguage":"pt-BR","@id":"https:\/\/webnasc.com\/eldorado\/tendencias-de-decoracao-4-trends-para-mudar-os-ares-da-sua-casa\/#primaryimage","url":"https:\/\/webnasc.com\/eldorado\/wp-content\/uploads\/2022\/09\/4-tendencias.jpg","contentUrl":"https:\/\/webnasc.com\/eldorado\/wp-content\/uploads\/2022\/09\/4-tendencias.jpg","width":1170,"height":685},{"@type":"BreadcrumbList","@id":"https:\/\/webnasc.com\/eldorado\/tendencias-de-decoracao-4-trends-para-mudar-os-ares-da-sua-casa\/#breadcrumb","itemListElement":[{"@type":"ListItem","position":1,"name":"Home","item":"https:\/\/webnasc.com\/eldorado\/"},{"@type":"ListItem","position":2,"name":"Tend\u00eancias de decora\u00e7\u00e3o: 4 trends para mudar os ares da sua casa"}]},{"@type":"WebSite","@id":"https:\/\/webnasc.com\/eldorado\/#website","url":"https:\/\/webnasc.com\/eldorado\/","name":"Blog do Shopping Eldorado","description":"O seu shopping favorito agora entrega na sua casa! Vem para o Shopping Eldorado Store","potentialAction":[{"@type":"SearchAction","target":{"@type":"EntryPoint","urlTemplate":"https:\/\/webnasc.com\/eldorado\/?s={search_term_string}"},"query-input":{"@type":"PropertyValueSpecification","valueRequired":true,"valueName":"search_term_string"}}],"inLanguage":"pt-BR"},{"@type":"Person","@id":"https:\/\/webnasc.com\/eldorado\/#\/schema\/person\/19412b40961bb518fe08dac1c2cd064e","name":"YfUiF46A","image":{"@type":"ImageObject","inLanguage":"pt-BR","@id":"https:\/\/secure.gravatar.com\/avatar\/1f65e6f958ebe87fa4149c37609af9c2fae8b1a8127452c09565315b682b49bf?s=96&d=mm&r=g","url":"https:\/\/secure.gravatar.com\/avatar\/1f65e6f958ebe87fa4149c37609af9c2fae8b1a8127452c09565315b682b49bf?s=96&d=mm&r=g","contentUrl":"https:\/\/secure.gravatar.com\/avatar\/1f65e6f958ebe87fa4149c37609af9c2fae8b1a8127452c09565315b682b49bf?s=96&d=mm&r=g","caption":"YfUiF46A"},"sameAs":["https:\/\/webnasc.com\/eldorado"],"url":"https:\/\/webnasc.com\/eldorado\/author\/yfuif46a\/"}]}},"_links":{"self":[{"href":"https:\/\/webnasc.com\/eldorado\/wp-json\/wp\/v2\/posts\/1450","targetHints":{"allow":["GET"]}}],"collection":[{"href":"https:\/\/webnasc.com\/eldorado\/wp-json\/wp\/v2\/posts"}],"about":[{"href":"https:\/\/webnasc.com\/eldorado\/wp-json\/wp\/v2\/types\/post"}],"author":[{"embeddable":true,"href":"https:\/\/webnasc.com\/eldorado\/wp-json\/wp\/v2\/users\/1"}],"replies":[{"embeddable":true,"href":"https:\/\/webnasc.com\/eldorado\/wp-json\/wp\/v2\/comments?post=1450"}],"version-history":[{"count":2,"href":"https:\/\/webnasc.com\/eldorado\/wp-json\/wp\/v2\/posts\/1450\/revisions"}],"predecessor-version":[{"id":1508,"href":"https:\/\/webnasc.com\/eldorado\/wp-json\/wp\/v2\/posts\/1450\/revisions\/1508"}],"wp:featuredmedia":[{"embeddable":true,"href":"https:\/\/webnasc.com\/eldorado\/wp-json\/wp\/v2\/media\/1452"}],"wp:attachment":[{"href":"https:\/\/webnasc.com\/eldorado\/wp-json\/wp\/v2\/media?parent=1450"}],"wp:term":[{"taxonomy":"category","embeddable":true,"href":"https:\/\/webnasc.com\/eldorado\/wp-json\/wp\/v2\/categories?post=1450"},{"taxonomy":"post_tag","embeddable":true,"href":"https:\/\/webnasc.com\/eldorado\/wp-json\/wp\/v2\/tags?post=1450"}],"curies":[{"name":"wp","href":"https:\/\/api.w.org\/{rel}","templated":true}]}}