{"id":1564,"date":"2022-12-08T16:42:38","date_gmt":"2022-12-08T19:42:38","guid":{"rendered":"https:\/\/blog.shoppingeldorado.com.br\/?p=1564"},"modified":"2023-01-09T14:01:16","modified_gmt":"2023-01-09T17:01:16","slug":"jorge-bischoff-exuberancia-glamour-e-exclusividade-em-sapatos","status":"publish","type":"post","link":"https:\/\/webnasc.com\/eldorado\/jorge-bischoff-exuberancia-glamour-e-exclusividade-em-sapatos\/","title":{"rendered":"<strong>Jorge Bischoff: exuber\u00e2ncia, glamour e exclusividade em sapatos<\/strong>"},"content":{"rendered":"\n<p>A <strong>Jorge Bischoff<\/strong> \u00e9 uma das marcas mais famosas no universo de sapatos! O lan\u00e7amento de produtos exclusivos \u00e9 feito durante todo o ano, sempre em novas linhas e de acordo com a esta\u00e7\u00e3o e a tend\u00eancia do momento.<\/p>\n\n\n\n<p>Como n\u00e3o poderia deixar de ser, o calor e o frescor est\u00e3o em alta, deixando em evid\u00eancia a linha primavera-ver\u00e3o, o que te d\u00e1 a chance de renovar seus sapatos e compor o seu look com o que h\u00e1 de mais moderno e fresh nesta esta\u00e7\u00e3o t\u00e3o amada do ano.<\/p>\n\n\n\n<p>Neste texto, vamos trazer tudo o que vai ser tend\u00eancia em 2023 e que com certeza vai fazer toda a diferen\u00e7a no seu visual!<\/p>\n\n\n\n<h2 class=\"wp-block-heading\"><strong>A hist\u00f3ria da Jorge Bischoff<\/strong><\/h2>\n\n\n\n<p>A <a href=\"https:\/\/www.shoppingeldorado.com.br\/feminino.html?it_marca=7372\"><strong>Jorge Bischoff<\/strong> <\/a>\u00e9 uma marca que alcan\u00e7ou os 20 anos de mercado e se expande cada vez mais, consolidando-se no ramo de sapatos.<\/p>\n\n\n\n<p>Hoje, a marca j\u00e1 est\u00e1 presente em todas as regi\u00f5es do pa\u00eds e isso pode ser explicado pelo trabalho dos \u201cembaixadores\u201d, os parceiros da marca que s\u00e3o apoiados por ela com toda seguran\u00e7a e a sustentabilidade financeira necess\u00e1ria.<\/p>\n\n\n\n<p>O faturamento da empresa deve chegar a quase R$200 milh\u00f5es, mostrando como a marca tem tido um crescimento r\u00e1pido e expansivo, em especial nos \u00faltimos anos, mesmo com a pandemia.<\/p>\n\n\n\n<p>Em 2022, a marca inaugurou a sua 100\u00aa loja em Mato Grosso, e isso deixa em evid\u00eancia a r\u00e1pida expans\u00e3o do projeto, que em 2008 lan\u00e7ou-se dentro do mercado de franquias.<\/p>\n\n\n\n<p>Assinada pelo famoso designer <strong>Jorge Bischoff<\/strong>, a marca de sapatos oferece produtos de alta qualidade, com modelos cheios de beleza e glamour, al\u00e9m de desenhos exclusivos que atraem cada vez mais clientes apaixonadas.<\/p>\n\n\n\n<p>E n\u00e3o para por a\u00ed! Al\u00e9m de ser destaque no segmento de sapatos, a marca tamb\u00e9m \u00e9 refer\u00eancia quando falamos em bolsas de design autoral, vers\u00e1teis, f\u00e1ceis de incorporar ao visual e elegantes.<\/p>\n\n\n\n<p>Os sapatos e as bolsas <strong>Jorge Bischoff<\/strong> ajudam a enaltecer o lifestyle que mulheres e homens modernos e contempor\u00e2neos possuem, o que ajuda a explicar a comercializa\u00e7\u00e3o anual de mais de 2 milh\u00f5es de itens.<\/p>\n\n\n\n<h2 class=\"wp-block-heading\"><strong>5 escolhas poderosas para a primavera 2023<\/strong><\/h2>\n\n\n\n<p>A cada ano, a Marca <strong>Jorge Bischoff<\/strong> lan\u00e7a novas cole\u00e7\u00f5es com produtos exclusivos e exuberantes, e em 2023 n\u00e3o ser\u00e1 diferente com a linha primavera-ver\u00e3o.<\/p>\n\n\n\n<p>A moda costuma ir no sentido contr\u00e1rio do mundo acelerado e impaciente em que vivemos, por isso, muitas pessoas buscam produtos que as conectem com sentimentos positivos e que tamb\u00e9m as aproximem da ess\u00eancia da felicidade, alegria e bem-estar.<\/p>\n\n\n\n<p>Assim, nada melhor do que contar com sapatos e bolsas que traduzam exatamente aquilo que voc\u00ea pensa, sente e emana em seu look di\u00e1rio, casual ou at\u00e9 mesmo mais formal.<\/p>\n\n\n\n<p>A linha primavera-ver\u00e3o da <strong>Jorge Bischoff<\/strong> conta com pe\u00e7as de excel\u00eancia neste quesito, com bolsas e sapatos maravilhosos para voc\u00ea escolher aqueles que melhor se adequam ao seu pr\u00f3prio estilo.<\/p>\n\n\n\n<p>Que tal ver quais s\u00e3o as op\u00e7\u00f5es que n\u00e3o podem faltar no seu guarda-roupa?<\/p>\n\n\n\n<ol class=\"wp-block-list\">\n<li><strong>Slingback Po\u00e1 Preto P&amp;B La\u00e7o V23<\/strong><\/li>\n<\/ol>\n\n\n\n<figure class=\"wp-block-image size-large\"><img fetchpriority=\"high\" decoding=\"async\" width=\"1024\" height=\"1024\" src=\"https:\/\/blog.shoppingeldorado.com.br\/wp-content\/uploads\/2022\/12\/calcados-fechado-j16194001002-poa-f4c7469e3d167bd7c2407c0431ce5bf5-1024x1024.jpg\" alt=\"\" class=\"wp-image-1568\" srcset=\"https:\/\/webnasc.com\/eldorado\/wp-content\/uploads\/2022\/12\/calcados-fechado-j16194001002-poa-f4c7469e3d167bd7c2407c0431ce5bf5.jpg 1024w, https:\/\/webnasc.com\/eldorado\/wp-content\/uploads\/2022\/12\/calcados-fechado-j16194001002-poa-f4c7469e3d167bd7c2407c0431ce5bf5-300x300.jpg 300w, https:\/\/webnasc.com\/eldorado\/wp-content\/uploads\/2022\/12\/calcados-fechado-j16194001002-poa-f4c7469e3d167bd7c2407c0431ce5bf5-150x150.jpg 150w, https:\/\/webnasc.com\/eldorado\/wp-content\/uploads\/2022\/12\/calcados-fechado-j16194001002-poa-f4c7469e3d167bd7c2407c0431ce5bf5-768x768.jpg 768w, https:\/\/webnasc.com\/eldorado\/wp-content\/uploads\/2022\/12\/calcados-fechado-j16194001002-poa-f4c7469e3d167bd7c2407c0431ce5bf5-585x585.jpg 585w\" sizes=\"(max-width: 1024px) 100vw, 1024px\" \/><\/figure>\n\n\n\n<p>A primeira op\u00e7\u00e3o que trouxemos aqui para compor o seu guarda-roupa em 2023 \u00e9 o Slingback Po\u00e1 Preto.<\/p>\n\n\n\n<p>Este sapato \u00e9 produzido em couro na estampa po\u00e1 em preto e branco, cores que s\u00e3o um verdadeiro cl\u00e1ssico.<\/p>\n\n\n\n<p>A estampa po\u00e1 tamb\u00e9m \u201crenasceu\u201d ap\u00f3s toda a sua fama nos anos 1950, e traz para este sapato uma autenticidade incr\u00edvel e extremamente charmosa, que fica por conta do la\u00e7o delicado sobre o bico afinado do cal\u00e7ado.<\/p>\n\n\n\n<p>O modelo conta com tiras laterais que envolvem tamb\u00e9m a parte traseira do p\u00e9 e chegam at\u00e9 a altura do tornozelo, proporcionando maior estabilidade no calce.<\/p>\n\n\n\n<p>O sapato Slingback Po\u00e1 \u00e9 ideal para quem deseja usar um look mais rom\u00e2ntico sem abrir m\u00e3o do cl\u00e1ssico, por isso, ele cai muito bem com saias e vestidos.<\/p>\n\n\n\n<ol class=\"wp-block-list\" start=\"2\">\n<li><strong>Tamanco Cotton Blue Soft V23<\/strong><\/li>\n<\/ol>\n\n\n\n<figure class=\"wp-block-image size-large\"><img decoding=\"async\" width=\"1024\" height=\"1024\" src=\"https:\/\/blog.shoppingeldorado.com.br\/wp-content\/uploads\/2022\/12\/calcados-sandalias-j15353005001-nude-6900ae8725324be4f5818895df342e0c-1024x1024.jpg\" alt=\"\" class=\"wp-image-1567\" srcset=\"https:\/\/webnasc.com\/eldorado\/wp-content\/uploads\/2022\/12\/calcados-sandalias-j15353005001-nude-6900ae8725324be4f5818895df342e0c.jpg 1024w, https:\/\/webnasc.com\/eldorado\/wp-content\/uploads\/2022\/12\/calcados-sandalias-j15353005001-nude-6900ae8725324be4f5818895df342e0c-300x300.jpg 300w, https:\/\/webnasc.com\/eldorado\/wp-content\/uploads\/2022\/12\/calcados-sandalias-j15353005001-nude-6900ae8725324be4f5818895df342e0c-150x150.jpg 150w, https:\/\/webnasc.com\/eldorado\/wp-content\/uploads\/2022\/12\/calcados-sandalias-j15353005001-nude-6900ae8725324be4f5818895df342e0c-768x768.jpg 768w, https:\/\/webnasc.com\/eldorado\/wp-content\/uploads\/2022\/12\/calcados-sandalias-j15353005001-nude-6900ae8725324be4f5818895df342e0c-585x585.jpg 585w\" sizes=\"(max-width: 1024px) 100vw, 1024px\" \/><\/figure>\n\n\n\n<p>Uma outra pe\u00e7a indispens\u00e1vel para colocar em seu guarda-roupa em 2023, \u00e9 o tamanco Cotton Blue Soft.<\/p>\n\n\n\n<p>Este \u00e9 um sapato considerado \u201cdemocr\u00e1tico\u201d, pois pode compor diversos visuais incr\u00edveis. Al\u00e9m disso, traz em evid\u00eancia suas tiras transpassadas, com costuras que promovem um aspecto macio ou soft.<\/p>\n\n\n\n<p>O modelo da <strong>Jorge Bischoff<\/strong> acompanha tamb\u00e9m salto alto em formato barro, e conta com uma minimandala com as iniciais JB, tudo em detalhe dourado, o que traz um ponto charmoso de brilho ao cal\u00e7ado.<\/p>\n\n\n\n<p>O tamanco em couro cotton blue foi produzido para ser usado tanto em produ\u00e7\u00f5es mais casuais quanto nas mais elegantes.<\/p>\n\n\n\n<p>Voc\u00ea pode combin\u00e1-lo com vestidos, saias e cal\u00e7as jeans,&nbsp; tornando este tamanco JB um \u00f3timo aliado para o seu dia a dia.<\/p>\n\n\n\n<ol class=\"wp-block-list\" start=\"3\">\n<li><strong>Scarpin Couro Tiras Vazado Caramelo<\/strong><\/li>\n<\/ol>\n\n\n\n<p>O Scarpin em couro com tiras \u00e9 um item da cole\u00e7\u00e3o primavera-ver\u00e3o <strong>Jorge Bischoff<\/strong> que vai trazer mais brilho ao seu guarda-roupa em 2023.<\/p>\n\n\n\n<p>Feito em couro e na cor amarelo, o modelo conta com um bico fino e traz algumas tiras finas, al\u00e9m de ser vazado em suas laterais.<\/p>\n\n\n\n<p>O Scarpin da JB traz muito conforto aos p\u00e9s, j\u00e1 que possui espuma em camada dupla que fica na parte interna das palmilhas, e tamb\u00e9m um salto fino revestido pela mesma espuma; al\u00e9m de contar com sola de acabamento emborrachado.<\/p>\n\n\n\n<ol class=\"wp-block-list\" start=\"4\">\n<li><strong>Sand\u00e1lia Siciliano Tiras V23<\/strong><\/li>\n<\/ol>\n\n\n\n<figure class=\"wp-block-image size-large\"><img decoding=\"async\" width=\"1024\" height=\"1024\" src=\"https:\/\/blog.shoppingeldorado.com.br\/wp-content\/uploads\/2022\/12\/calcados-sandalias-j10523020003-verde-7f5e63b20efb0e387c4306bd049ca8ef-1-1024x1024.jpg\" alt=\"\" class=\"wp-image-1569\" srcset=\"https:\/\/webnasc.com\/eldorado\/wp-content\/uploads\/2022\/12\/calcados-sandalias-j10523020003-verde-7f5e63b20efb0e387c4306bd049ca8ef-1-1024x1024.jpg 1024w, https:\/\/webnasc.com\/eldorado\/wp-content\/uploads\/2022\/12\/calcados-sandalias-j10523020003-verde-7f5e63b20efb0e387c4306bd049ca8ef-1-300x300.jpg 300w, https:\/\/webnasc.com\/eldorado\/wp-content\/uploads\/2022\/12\/calcados-sandalias-j10523020003-verde-7f5e63b20efb0e387c4306bd049ca8ef-1-150x150.jpg 150w, https:\/\/webnasc.com\/eldorado\/wp-content\/uploads\/2022\/12\/calcados-sandalias-j10523020003-verde-7f5e63b20efb0e387c4306bd049ca8ef-1-768x768.jpg 768w, https:\/\/webnasc.com\/eldorado\/wp-content\/uploads\/2022\/12\/calcados-sandalias-j10523020003-verde-7f5e63b20efb0e387c4306bd049ca8ef-1-1170x1170.jpg 1170w, https:\/\/webnasc.com\/eldorado\/wp-content\/uploads\/2022\/12\/calcados-sandalias-j10523020003-verde-7f5e63b20efb0e387c4306bd049ca8ef-1-585x585.jpg 585w, https:\/\/webnasc.com\/eldorado\/wp-content\/uploads\/2022\/12\/calcados-sandalias-j10523020003-verde-7f5e63b20efb0e387c4306bd049ca8ef-1.jpg 1200w\" sizes=\"(max-width: 1024px) 100vw, 1024px\" \/><\/figure>\n\n\n\n<p>A cor siciliano \u00e9 a cara da primavera-ver\u00e3o! Portanto, n\u00e3o precisamos nem dizer o quanto uma sand\u00e1lia nessa cor \u00e9 a indica\u00e7\u00e3o certa para ter em seu guarda-roupa, n\u00e3o \u00e9 mesmo?<\/p>\n\n\n\n<p>A sand\u00e1lia de couro na cor siciliano ou verde-lima mistura delicadeza com sofistica\u00e7\u00e3o atrav\u00e9s do seu design delicado. Suas tiras finas envolvem todo o p\u00e9 e v\u00e3o at\u00e9 o tornozelo, proporcionando maior estabilidade ao calce. Com salto alto fino, esta sand\u00e1lia JB proporciona mais glamour a qualquer produ\u00e7\u00e3o.<\/p>\n\n\n\n<p>O modelo ainda conta com um la\u00e7o na tira frontal e uma minimandala em tom dourado com as iniciais JB, o que traz um charme bastante \u00fanico a essa pe\u00e7a exclusiva Jorge<strong> Bischoff<\/strong>.<\/p>\n\n\n\n<p>A sand\u00e1lia JB siciliano pode funcionar como um ponto atrativo de cor nas produ\u00e7\u00f5es com tons mais neutros ou para destacar ainda mais os visuais coloridos.<\/p>\n\n\n\n<ol class=\"wp-block-list\" start=\"5\">\n<li><strong>Loafer P\u00f3len V23<\/strong><\/li>\n<\/ol>\n\n\n\n<p>Para finalizar, trouxemos o loafer, um cal\u00e7ado muito queridinho por quem ama looks casuais. O modelo pode ser usado para compor um look street style ou office look, e nessa tonalidade p\u00f3len, vai trazer ainda mais personalidade para o seu visual.<\/p>\n\n\n\n<p>Perfeito para compor looks com vestidos, saias, pe\u00e7as de alfaiataria e cal\u00e7as jeans, voc\u00ea ter\u00e1 o verdadeiro sapato democr\u00e1tico para esbanjar estilo a qualquer momento.<\/p>\n\n\n\n<p>Para deixar tudo ainda mais personalizado, a pe\u00e7a conta com um brid\u00e3o sobre a parte superior, feito em metal, destacando o JB da marca.<\/p>\n\n\n\n<h2 class=\"wp-block-heading\"><strong>Pronta para se apaixonar por uma pe\u00e7a da Jorge Bischoff?&nbsp;<\/strong><\/h2>\n\n\n\n<p>Hoje pudemos trazer para voc\u00ea um pouco mais sobre a Jorge Bischoff, uma marca que se destaca pela originalidade e qualidade no universo da moda, e que \u00e9 tend\u00eancia quando o assunto \u00e9 sapato.<\/p>\n\n\n\n<p>N\u00e3o deixe ent\u00e3o de navegar no nosso <a href=\"https:\/\/www.shoppingeldorado.com.br\/\">marketplace <\/a>para descobrir ainda mais sapatos e bolsas incr\u00edveis para compor seu visual nesta primavera 2023. Apaixone-se!<\/p>\n","protected":false},"excerpt":{"rendered":"<p>A Jorge Bischoff \u00e9 uma das marcas mais famosas no universo de sapatos! O lan\u00e7amento de produtos exclusivos \u00e9 feito durante todo o ano, sempre em novas linhas e de acordo com a esta\u00e7\u00e3o e a tend\u00eancia do momento. Como n\u00e3o poderia deixar de ser, o calor e o frescor est\u00e3o em alta, deixando em [&hellip;]<\/p>\n","protected":false},"author":1,"featured_media":1565,"comment_status":"open","ping_status":"open","sticky":false,"template":"","format":"standard","meta":{"footnotes":""},"categories":[7,1],"tags":[],"class_list":["post-1564","post","type-post","status-publish","format-standard","has-post-thumbnail","hentry","category-moda","category-saude-de-beleza"],"yoast_head":"<!-- This site is optimized with the Yoast SEO plugin v27.2 - https:\/\/yoast.com\/product\/yoast-seo-wordpress\/ -->\n<title>Jorge Bischoff: exuber\u00e2ncia, glamour e exclusividade em sapatos - Blog do Shopping Eldorado<\/title>\n<meta name=\"description\" content=\"Jorge Bischoff chegou ao Shopping Eldorado Store para te ajudar a montar looks incr\u00edveis com ainda mais praticidade.\" \/>\n<meta name=\"robots\" content=\"index, follow, max-snippet:-1, max-image-preview:large, max-video-preview:-1\" \/>\n<link rel=\"canonical\" href=\"https:\/\/webnasc.com\/eldorado\/jorge-bischoff-exuberancia-glamour-e-exclusividade-em-sapatos\/\" \/>\n<meta property=\"og:locale\" content=\"pt_BR\" \/>\n<meta property=\"og:type\" content=\"article\" \/>\n<meta property=\"og:title\" content=\"Jorge Bischoff: exuber\u00e2ncia, glamour e exclusividade em sapatos - Blog do Shopping Eldorado\" \/>\n<meta property=\"og:description\" content=\"Jorge Bischoff chegou ao Shopping Eldorado Store para te ajudar a montar looks incr\u00edveis com ainda mais praticidade.\" \/>\n<meta property=\"og:url\" content=\"https:\/\/webnasc.com\/eldorado\/jorge-bischoff-exuberancia-glamour-e-exclusividade-em-sapatos\/\" \/>\n<meta property=\"og:site_name\" content=\"Blog do Shopping Eldorado\" \/>\n<meta property=\"article:published_time\" content=\"2022-12-08T19:42:38+00:00\" \/>\n<meta property=\"article:modified_time\" content=\"2023-01-09T17:01:16+00:00\" \/>\n<meta property=\"og:image\" content=\"https:\/\/webnasc.com\/eldorado\/wp-content\/uploads\/2022\/12\/csm_empresario_Jorge_Bischoff_grife_foto_Divulgacaop_b79f11818b.jpg\" \/>\n\t<meta property=\"og:image:width\" content=\"940\" \/>\n\t<meta property=\"og:image:height\" content=\"585\" \/>\n\t<meta property=\"og:image:type\" content=\"image\/jpeg\" \/>\n<meta name=\"author\" content=\"YfUiF46A\" \/>\n<meta name=\"twitter:card\" content=\"summary_large_image\" \/>\n<meta name=\"twitter:label1\" content=\"Escrito por\" \/>\n\t<meta name=\"twitter:data1\" content=\"YfUiF46A\" \/>\n\t<meta name=\"twitter:label2\" content=\"Est. tempo de leitura\" \/>\n\t<meta name=\"twitter:data2\" content=\"7 minutos\" \/>\n<script type=\"application\/ld+json\" class=\"yoast-schema-graph\">{\"@context\":\"https:\/\/schema.org\",\"@graph\":[{\"@type\":\"Article\",\"@id\":\"https:\/\/webnasc.com\/eldorado\/jorge-bischoff-exuberancia-glamour-e-exclusividade-em-sapatos\/#article\",\"isPartOf\":{\"@id\":\"https:\/\/webnasc.com\/eldorado\/jorge-bischoff-exuberancia-glamour-e-exclusividade-em-sapatos\/\"},\"author\":{\"name\":\"YfUiF46A\",\"@id\":\"https:\/\/webnasc.com\/eldorado\/#\/schema\/person\/19412b40961bb518fe08dac1c2cd064e\"},\"headline\":\"Jorge Bischoff: exuber\u00e2ncia, glamour e exclusividade em sapatos\",\"datePublished\":\"2022-12-08T19:42:38+00:00\",\"dateModified\":\"2023-01-09T17:01:16+00:00\",\"mainEntityOfPage\":{\"@id\":\"https:\/\/webnasc.com\/eldorado\/jorge-bischoff-exuberancia-glamour-e-exclusividade-em-sapatos\/\"},\"wordCount\":1240,\"commentCount\":0,\"image\":{\"@id\":\"https:\/\/webnasc.com\/eldorado\/jorge-bischoff-exuberancia-glamour-e-exclusividade-em-sapatos\/#primaryimage\"},\"thumbnailUrl\":\"https:\/\/webnasc.com\/eldorado\/wp-content\/uploads\/2022\/12\/csm_empresario_Jorge_Bischoff_grife_foto_Divulgacaop_b79f11818b.jpg\",\"articleSection\":[\"Moda\",\"Sa\u00fade e Beleza\"],\"inLanguage\":\"pt-BR\",\"potentialAction\":[{\"@type\":\"CommentAction\",\"name\":\"Comment\",\"target\":[\"https:\/\/webnasc.com\/eldorado\/jorge-bischoff-exuberancia-glamour-e-exclusividade-em-sapatos\/#respond\"]}]},{\"@type\":\"WebPage\",\"@id\":\"https:\/\/webnasc.com\/eldorado\/jorge-bischoff-exuberancia-glamour-e-exclusividade-em-sapatos\/\",\"url\":\"https:\/\/webnasc.com\/eldorado\/jorge-bischoff-exuberancia-glamour-e-exclusividade-em-sapatos\/\",\"name\":\"Jorge Bischoff: exuber\u00e2ncia, glamour e exclusividade em sapatos - Blog do Shopping Eldorado\",\"isPartOf\":{\"@id\":\"https:\/\/webnasc.com\/eldorado\/#website\"},\"primaryImageOfPage\":{\"@id\":\"https:\/\/webnasc.com\/eldorado\/jorge-bischoff-exuberancia-glamour-e-exclusividade-em-sapatos\/#primaryimage\"},\"image\":{\"@id\":\"https:\/\/webnasc.com\/eldorado\/jorge-bischoff-exuberancia-glamour-e-exclusividade-em-sapatos\/#primaryimage\"},\"thumbnailUrl\":\"https:\/\/webnasc.com\/eldorado\/wp-content\/uploads\/2022\/12\/csm_empresario_Jorge_Bischoff_grife_foto_Divulgacaop_b79f11818b.jpg\",\"datePublished\":\"2022-12-08T19:42:38+00:00\",\"dateModified\":\"2023-01-09T17:01:16+00:00\",\"author\":{\"@id\":\"https:\/\/webnasc.com\/eldorado\/#\/schema\/person\/19412b40961bb518fe08dac1c2cd064e\"},\"description\":\"Jorge Bischoff chegou ao Shopping Eldorado Store para te ajudar a montar looks incr\u00edveis com ainda mais praticidade.\",\"breadcrumb\":{\"@id\":\"https:\/\/webnasc.com\/eldorado\/jorge-bischoff-exuberancia-glamour-e-exclusividade-em-sapatos\/#breadcrumb\"},\"inLanguage\":\"pt-BR\",\"potentialAction\":[{\"@type\":\"ReadAction\",\"target\":[\"https:\/\/webnasc.com\/eldorado\/jorge-bischoff-exuberancia-glamour-e-exclusividade-em-sapatos\/\"]}]},{\"@type\":\"ImageObject\",\"inLanguage\":\"pt-BR\",\"@id\":\"https:\/\/webnasc.com\/eldorado\/jorge-bischoff-exuberancia-glamour-e-exclusividade-em-sapatos\/#primaryimage\",\"url\":\"https:\/\/webnasc.com\/eldorado\/wp-content\/uploads\/2022\/12\/csm_empresario_Jorge_Bischoff_grife_foto_Divulgacaop_b79f11818b.jpg\",\"contentUrl\":\"https:\/\/webnasc.com\/eldorado\/wp-content\/uploads\/2022\/12\/csm_empresario_Jorge_Bischoff_grife_foto_Divulgacaop_b79f11818b.jpg\",\"width\":940,\"height\":585,\"caption\":\"Jorge Bischoff\"},{\"@type\":\"BreadcrumbList\",\"@id\":\"https:\/\/webnasc.com\/eldorado\/jorge-bischoff-exuberancia-glamour-e-exclusividade-em-sapatos\/#breadcrumb\",\"itemListElement\":[{\"@type\":\"ListItem\",\"position\":1,\"name\":\"Home\",\"item\":\"https:\/\/webnasc.com\/eldorado\/\"},{\"@type\":\"ListItem\",\"position\":2,\"name\":\"Jorge Bischoff: exuber\u00e2ncia, glamour e exclusividade em sapatos\"}]},{\"@type\":\"WebSite\",\"@id\":\"https:\/\/webnasc.com\/eldorado\/#website\",\"url\":\"https:\/\/webnasc.com\/eldorado\/\",\"name\":\"Blog do Shopping Eldorado\",\"description\":\"O seu shopping favorito agora entrega na sua casa! Vem para o Shopping Eldorado Store\",\"potentialAction\":[{\"@type\":\"SearchAction\",\"target\":{\"@type\":\"EntryPoint\",\"urlTemplate\":\"https:\/\/webnasc.com\/eldorado\/?s={search_term_string}\"},\"query-input\":{\"@type\":\"PropertyValueSpecification\",\"valueRequired\":true,\"valueName\":\"search_term_string\"}}],\"inLanguage\":\"pt-BR\"},{\"@type\":\"Person\",\"@id\":\"https:\/\/webnasc.com\/eldorado\/#\/schema\/person\/19412b40961bb518fe08dac1c2cd064e\",\"name\":\"YfUiF46A\",\"image\":{\"@type\":\"ImageObject\",\"inLanguage\":\"pt-BR\",\"@id\":\"https:\/\/secure.gravatar.com\/avatar\/1f65e6f958ebe87fa4149c37609af9c2fae8b1a8127452c09565315b682b49bf?s=96&d=mm&r=g\",\"url\":\"https:\/\/secure.gravatar.com\/avatar\/1f65e6f958ebe87fa4149c37609af9c2fae8b1a8127452c09565315b682b49bf?s=96&d=mm&r=g\",\"contentUrl\":\"https:\/\/secure.gravatar.com\/avatar\/1f65e6f958ebe87fa4149c37609af9c2fae8b1a8127452c09565315b682b49bf?s=96&d=mm&r=g\",\"caption\":\"YfUiF46A\"},\"sameAs\":[\"https:\/\/webnasc.com\/eldorado\"],\"url\":\"https:\/\/webnasc.com\/eldorado\/author\/yfuif46a\/\"}]}<\/script>\n<!-- \/ Yoast SEO plugin. -->","yoast_head_json":{"title":"Jorge Bischoff: exuber\u00e2ncia, glamour e exclusividade em sapatos - Blog do Shopping Eldorado","description":"Jorge Bischoff chegou ao Shopping Eldorado Store para te ajudar a montar looks incr\u00edveis com ainda mais praticidade.","robots":{"index":"index","follow":"follow","max-snippet":"max-snippet:-1","max-image-preview":"max-image-preview:large","max-video-preview":"max-video-preview:-1"},"canonical":"https:\/\/webnasc.com\/eldorado\/jorge-bischoff-exuberancia-glamour-e-exclusividade-em-sapatos\/","og_locale":"pt_BR","og_type":"article","og_title":"Jorge Bischoff: exuber\u00e2ncia, glamour e exclusividade em sapatos - Blog do Shopping Eldorado","og_description":"Jorge Bischoff chegou ao Shopping Eldorado Store para te ajudar a montar looks incr\u00edveis com ainda mais praticidade.","og_url":"https:\/\/webnasc.com\/eldorado\/jorge-bischoff-exuberancia-glamour-e-exclusividade-em-sapatos\/","og_site_name":"Blog do Shopping Eldorado","article_published_time":"2022-12-08T19:42:38+00:00","article_modified_time":"2023-01-09T17:01:16+00:00","og_image":[{"width":940,"height":585,"url":"https:\/\/webnasc.com\/eldorado\/wp-content\/uploads\/2022\/12\/csm_empresario_Jorge_Bischoff_grife_foto_Divulgacaop_b79f11818b.jpg","type":"image\/jpeg"}],"author":"YfUiF46A","twitter_card":"summary_large_image","twitter_misc":{"Escrito por":"YfUiF46A","Est. tempo de leitura":"7 minutos"},"schema":{"@context":"https:\/\/schema.org","@graph":[{"@type":"Article","@id":"https:\/\/webnasc.com\/eldorado\/jorge-bischoff-exuberancia-glamour-e-exclusividade-em-sapatos\/#article","isPartOf":{"@id":"https:\/\/webnasc.com\/eldorado\/jorge-bischoff-exuberancia-glamour-e-exclusividade-em-sapatos\/"},"author":{"name":"YfUiF46A","@id":"https:\/\/webnasc.com\/eldorado\/#\/schema\/person\/19412b40961bb518fe08dac1c2cd064e"},"headline":"Jorge Bischoff: exuber\u00e2ncia, glamour e exclusividade em sapatos","datePublished":"2022-12-08T19:42:38+00:00","dateModified":"2023-01-09T17:01:16+00:00","mainEntityOfPage":{"@id":"https:\/\/webnasc.com\/eldorado\/jorge-bischoff-exuberancia-glamour-e-exclusividade-em-sapatos\/"},"wordCount":1240,"commentCount":0,"image":{"@id":"https:\/\/webnasc.com\/eldorado\/jorge-bischoff-exuberancia-glamour-e-exclusividade-em-sapatos\/#primaryimage"},"thumbnailUrl":"https:\/\/webnasc.com\/eldorado\/wp-content\/uploads\/2022\/12\/csm_empresario_Jorge_Bischoff_grife_foto_Divulgacaop_b79f11818b.jpg","articleSection":["Moda","Sa\u00fade e Beleza"],"inLanguage":"pt-BR","potentialAction":[{"@type":"CommentAction","name":"Comment","target":["https:\/\/webnasc.com\/eldorado\/jorge-bischoff-exuberancia-glamour-e-exclusividade-em-sapatos\/#respond"]}]},{"@type":"WebPage","@id":"https:\/\/webnasc.com\/eldorado\/jorge-bischoff-exuberancia-glamour-e-exclusividade-em-sapatos\/","url":"https:\/\/webnasc.com\/eldorado\/jorge-bischoff-exuberancia-glamour-e-exclusividade-em-sapatos\/","name":"Jorge Bischoff: exuber\u00e2ncia, glamour e exclusividade em sapatos - Blog do Shopping Eldorado","isPartOf":{"@id":"https:\/\/webnasc.com\/eldorado\/#website"},"primaryImageOfPage":{"@id":"https:\/\/webnasc.com\/eldorado\/jorge-bischoff-exuberancia-glamour-e-exclusividade-em-sapatos\/#primaryimage"},"image":{"@id":"https:\/\/webnasc.com\/eldorado\/jorge-bischoff-exuberancia-glamour-e-exclusividade-em-sapatos\/#primaryimage"},"thumbnailUrl":"https:\/\/webnasc.com\/eldorado\/wp-content\/uploads\/2022\/12\/csm_empresario_Jorge_Bischoff_grife_foto_Divulgacaop_b79f11818b.jpg","datePublished":"2022-12-08T19:42:38+00:00","dateModified":"2023-01-09T17:01:16+00:00","author":{"@id":"https:\/\/webnasc.com\/eldorado\/#\/schema\/person\/19412b40961bb518fe08dac1c2cd064e"},"description":"Jorge Bischoff chegou ao Shopping Eldorado Store para te ajudar a montar looks incr\u00edveis com ainda mais praticidade.","breadcrumb":{"@id":"https:\/\/webnasc.com\/eldorado\/jorge-bischoff-exuberancia-glamour-e-exclusividade-em-sapatos\/#breadcrumb"},"inLanguage":"pt-BR","potentialAction":[{"@type":"ReadAction","target":["https:\/\/webnasc.com\/eldorado\/jorge-bischoff-exuberancia-glamour-e-exclusividade-em-sapatos\/"]}]},{"@type":"ImageObject","inLanguage":"pt-BR","@id":"https:\/\/webnasc.com\/eldorado\/jorge-bischoff-exuberancia-glamour-e-exclusividade-em-sapatos\/#primaryimage","url":"https:\/\/webnasc.com\/eldorado\/wp-content\/uploads\/2022\/12\/csm_empresario_Jorge_Bischoff_grife_foto_Divulgacaop_b79f11818b.jpg","contentUrl":"https:\/\/webnasc.com\/eldorado\/wp-content\/uploads\/2022\/12\/csm_empresario_Jorge_Bischoff_grife_foto_Divulgacaop_b79f11818b.jpg","width":940,"height":585,"caption":"Jorge Bischoff"},{"@type":"BreadcrumbList","@id":"https:\/\/webnasc.com\/eldorado\/jorge-bischoff-exuberancia-glamour-e-exclusividade-em-sapatos\/#breadcrumb","itemListElement":[{"@type":"ListItem","position":1,"name":"Home","item":"https:\/\/webnasc.com\/eldorado\/"},{"@type":"ListItem","position":2,"name":"Jorge Bischoff: exuber\u00e2ncia, glamour e exclusividade em sapatos"}]},{"@type":"WebSite","@id":"https:\/\/webnasc.com\/eldorado\/#website","url":"https:\/\/webnasc.com\/eldorado\/","name":"Blog do Shopping Eldorado","description":"O seu shopping favorito agora entrega na sua casa! Vem para o Shopping Eldorado Store","potentialAction":[{"@type":"SearchAction","target":{"@type":"EntryPoint","urlTemplate":"https:\/\/webnasc.com\/eldorado\/?s={search_term_string}"},"query-input":{"@type":"PropertyValueSpecification","valueRequired":true,"valueName":"search_term_string"}}],"inLanguage":"pt-BR"},{"@type":"Person","@id":"https:\/\/webnasc.com\/eldorado\/#\/schema\/person\/19412b40961bb518fe08dac1c2cd064e","name":"YfUiF46A","image":{"@type":"ImageObject","inLanguage":"pt-BR","@id":"https:\/\/secure.gravatar.com\/avatar\/1f65e6f958ebe87fa4149c37609af9c2fae8b1a8127452c09565315b682b49bf?s=96&d=mm&r=g","url":"https:\/\/secure.gravatar.com\/avatar\/1f65e6f958ebe87fa4149c37609af9c2fae8b1a8127452c09565315b682b49bf?s=96&d=mm&r=g","contentUrl":"https:\/\/secure.gravatar.com\/avatar\/1f65e6f958ebe87fa4149c37609af9c2fae8b1a8127452c09565315b682b49bf?s=96&d=mm&r=g","caption":"YfUiF46A"},"sameAs":["https:\/\/webnasc.com\/eldorado"],"url":"https:\/\/webnasc.com\/eldorado\/author\/yfuif46a\/"}]}},"_links":{"self":[{"href":"https:\/\/webnasc.com\/eldorado\/wp-json\/wp\/v2\/posts\/1564","targetHints":{"allow":["GET"]}}],"collection":[{"href":"https:\/\/webnasc.com\/eldorado\/wp-json\/wp\/v2\/posts"}],"about":[{"href":"https:\/\/webnasc.com\/eldorado\/wp-json\/wp\/v2\/types\/post"}],"author":[{"embeddable":true,"href":"https:\/\/webnasc.com\/eldorado\/wp-json\/wp\/v2\/users\/1"}],"replies":[{"embeddable":true,"href":"https:\/\/webnasc.com\/eldorado\/wp-json\/wp\/v2\/comments?post=1564"}],"version-history":[{"count":2,"href":"https:\/\/webnasc.com\/eldorado\/wp-json\/wp\/v2\/posts\/1564\/revisions"}],"predecessor-version":[{"id":1570,"href":"https:\/\/webnasc.com\/eldorado\/wp-json\/wp\/v2\/posts\/1564\/revisions\/1570"}],"wp:featuredmedia":[{"embeddable":true,"href":"https:\/\/webnasc.com\/eldorado\/wp-json\/wp\/v2\/media\/1565"}],"wp:attachment":[{"href":"https:\/\/webnasc.com\/eldorado\/wp-json\/wp\/v2\/media?parent=1564"}],"wp:term":[{"taxonomy":"category","embeddable":true,"href":"https:\/\/webnasc.com\/eldorado\/wp-json\/wp\/v2\/categories?post=1564"},{"taxonomy":"post_tag","embeddable":true,"href":"https:\/\/webnasc.com\/eldorado\/wp-json\/wp\/v2\/tags?post=1564"}],"curies":[{"name":"wp","href":"https:\/\/api.w.org\/{rel}","templated":true}]}}