{"id":1600,"date":"2022-12-20T17:55:57","date_gmt":"2022-12-20T20:55:57","guid":{"rendered":"https:\/\/blog.shoppingeldorado.com.br\/?p=1600"},"modified":"2022-12-20T17:55:58","modified_gmt":"2022-12-20T20:55:58","slug":"amavia-marca-latina-de-produtos-para-cabelos-que-vai-transformar-os-seus-fios","status":"publish","type":"post","link":"https:\/\/webnasc.com\/eldorado\/amavia-marca-latina-de-produtos-para-cabelos-que-vai-transformar-os-seus-fios\/","title":{"rendered":"Am\u00e1via &#8211; marca latina de produtos para cabelos que vai transformar os seus fios"},"content":{"rendered":"\n<p>Adicionamos\u00a0mais uma super marca ao marketplace do Shopping Eldorado, a Am\u00e1via. Agora voc\u00ea pode comprar os produtos para cabelo que est\u00e3o dando o que falar com toda a praticidade e facilidade que a compra online fornece.\u00a0\u00a0<\/p>\n\n\n\n<p>Para voc\u00ea conhecer um pouco mais sobre a Am\u00e1via, os produtos favoritos e como escolher um kit para o seu cronograma capilar, confira todas as dicas que trouxemos neste artigo.&nbsp;<\/p>\n\n\n\n<h2 class=\"wp-block-heading\">Hist\u00f3ria da marca<\/h2>\n\n\n\n<p>A Am\u00e1via \u00e9 uma marca de beleza e cosm\u00e9ticos para cabelo fundada em 2011 na Bahia. A empresa tem produtos para todos os tipos de cuidados capilares e oferece produtos de alta qualidade e tecnologia para todos os tipos de cabelo, sempre trazendo solu\u00e7\u00f5es exclusivas.&nbsp;<\/p>\n\n\n\n<p>Ao longo de 10 anos de hist\u00f3ria, a marca tem se expandido e conquistado espa\u00e7os por meio do desenvolvimento de produtos com alta performance. A qualidade dos produtos Am\u00e1via rendeu \u00e0 marca em novembro de 2021 o reconhecimento internacional de seus produtos com o Pr\u00eamio \u201cAtualidade Cosm\u00e9tica 2021\u201d na categoria \u2018Beleza e higiene dos cabelos\u2019. Essa foi a segunda vez que a empresa conquistou o pr\u00eamio, sendo a primeira vez em 2019. O pr\u00eamio \u00e9 t\u00e3o importante que \u00e9 considerado por muitos o Oscar da beleza na Am\u00e9rica Latina.<br><\/p>\n\n\n\n<h2 class=\"wp-block-heading\">Produtos premiados<\/h2>\n\n\n\n<p>Nas duas vezes em que recebeu pr\u00eamios internacionais por apresentar qualidade e tecnologia, duas linhas de produtos foram destaque na premia\u00e7\u00e3o como os melhores produtos para cabelo da marca. Confira:<br><\/p>\n\n\n\n<h3 class=\"wp-block-heading\">Linha Keraplex<\/h3>\n\n\n\n<p>A linha de Tratamentos com <a href=\"https:\/\/www.shoppingeldorado.com.br\/todas-as-categorias\/shampoo-amavia-amino-proteico-keraplex-200ml-1954545-2697.html\">shampoo<\/a>, <a href=\"https:\/\/www.shoppingeldorado.com.br\/todas-as-categorias\/condicionador-amavia-amino-proteico-keraplex-200ml-1954546-2698.html\">condicionador<\/a> e <a href=\"https:\/\/www.shoppingeldorado.com.br\/todas-as-categorias\/fluido-anti-emborrachamento-amavia-keraplex-20ml-1954549-2701.html\">fluido desembara\u00e7ador<\/a> de alta tecnologia foi desenvolvida especialmente para p\u00f3s descolora\u00e7\u00e3o e qu\u00edmicas que podem tornar o cabelo \u00e1spero, menos saud\u00e1vel e suscet\u00edvel a outros danos. A Linha Keraplex regenera o cabelo danificado utilizando o poder dos 21 amino\u00e1cidos e devolve a elasticidade, brilho e sa\u00fade pela reposi\u00e7\u00e3o do importante lip\u00eddio 18 MEA.<\/p>\n\n\n\n<h3 class=\"wp-block-heading\">Linha Vegan Coconut<\/h3>\n\n\n\n<p>A base de \u00d3leo de Coco 100% Natural e \u00c1gua de Coco Purificada, a linha Am\u00e1via Vegan Coconut promove uma hidrata\u00e7\u00e3o ultra profunda, repondo de forma r\u00e1pida \u00e1gua e lip\u00eddios para dentro da fibra capilar. Seu uso deixa os cabelos suaves, alinhados, com excepcional brilho e completamente livres de ressecamento e aspereza. Ideal para cabelos secos, ressecados ou opacos. N\u00e3o cont\u00e9m sal, parabenos, corantes e petrolatos. A linha \u00e9 composta por <a href=\"https:\/\/www.shoppingeldorado.com.br\/todas-as-categorias\/shampoo-amavia-hidratante-vegan-coconut-250ml-1954535-2587.html\">shampoo<\/a>, <a href=\"https:\/\/www.shoppingeldorado.com.br\/todas-as-categorias\/condicionador-amavia-hidratante-vegan-coconut-250ml-1954536-2590.html\">condicionador<\/a>, <a href=\"https:\/\/www.shoppingeldorado.com.br\/todas-as-categorias\/serum-amavia-concentrado-vegan-coconut-120ml-1954539-2633.html\">s\u00e9rum de coco<\/a> e <a href=\"https:\/\/www.shoppingeldorado.com.br\/vitrines-pagina-inicial\/creme-de-pentear-amavia-vegan-coconut-500g-1954540-2656.html\">creme de pentear<\/a>.<\/p>\n\n\n\n<figure class=\"wp-block-embed is-type-video is-provider-youtube wp-block-embed-youtube wp-embed-aspect-16-9 wp-has-aspect-ratio\"><div class=\"wp-block-embed__wrapper\">\n<iframe title=\"Vegan Coconut\" width=\"800\" height=\"450\" src=\"https:\/\/www.youtube.com\/embed\/_Iwswp9TXCk?feature=oembed\" frameborder=\"0\" allow=\"accelerometer; autoplay; clipboard-write; encrypted-media; gyroscope; picture-in-picture; web-share\" referrerpolicy=\"strict-origin-when-cross-origin\" allowfullscreen><\/iframe>\n<\/div><\/figure>\n\n\n\n<h2 class=\"wp-block-heading\">Cronograma capilar com Am\u00e1via<\/h2>\n\n\n\n<p>Cada tipo de cabelo tem um fio com especificidades \u00fanicas e assim tamb\u00e9m necessidades \u00fanicas. Muitas mulheres cresceram usando o produto de cabelo dispon\u00edvel, muitas vezes um produto gen\u00e9rico voltado para atender todos os tipos de cabelo.<\/p>\n\n\n\n<p>Mas, muitas vezes isso acaba n\u00e3o funcionando porque o seu cabelo precisa de nutrientes e tratamentos voltados para atender as necessidades dele, de acordo com o tipo de cabelo, tratamentos feitos e estado atual.<\/p>\n\n\n\n<p>Por isso, \u00e9 essencial incluir na sua rotina e cronograma capilar produtos testados e indicados para atender exclusivamente e com muito carinho aquilo que o seu cabelo est\u00e1 pedindo.<\/p>\n\n\n\n<h2 class=\"wp-block-heading\">Kit cabelo liso<\/h2>\n\n\n\n<p>Os cabelos lisos em um primeiro momento d\u00e3o a sensa\u00e7\u00e3o de serem mais f\u00e1ceis de cuidar, por\u00e9m eles tamb\u00e9m merecem um tratamento especial, caso contr\u00e1rio podem perder o brilho, for\u00e7a e ficarem opacos e com frizz.<\/p>\n\n\n\n<p>Para deixar o cabelo liso forte, brilhoso, saud\u00e1vel e hidratado recomendamos a linha Liso Nobre Am\u00e1via. Os produtos da linha Liso Nobre cont\u00e9m um blend de \u00f3leos nobres associado a resina, que promovem a reorganiza\u00e7\u00e3o e selagem completa das cut\u00edculas, o que fortalece e hidrata cabelos lisos naturais, cabelos que foram alisados por meio de procedimentos qu\u00edmicos, cabelos com fios finos e fios grossos, Os produtos tamb\u00e9m s\u00e3o t\u00e3o eficientes que eliminam a necessidade de finalizar o cabelo com escova e prancha.<\/p>\n\n\n\n<p>A linha Liso Nobre cont\u00e9m um complexo capilar composto por 11 amino\u00e1cidos que conduzem a \u00e1gua com mais rapidez para a parte interna da fibra capilar, mantendo o fio muito mais male\u00e1vel.<\/p>\n\n\n\n<p>Al\u00e9m disso, os produtos Liso Nobre t\u00eam em sua composi\u00e7\u00e3o um selante natural blend de \u00f3leos nobres associado a resina, que promovem a reorganiza\u00e7\u00e3o e selagem completa das cut\u00edculas.&nbsp;<\/p>\n\n\n\n<p>Comp\u00f5e a linha: <a href=\"https:\/\/www.shoppingeldorado.com.br\/todas-as-categorias\/shampoo-amavia-selante-liso-nobre-250ml-1954516-8.html\">Shampoo selante<\/a>, <a href=\"https:\/\/www.shoppingeldorado.com.br\/todas-as-categorias\/condicionador-amavia-selante-liso-nobre-200ml-1954517-27.html\">Condicionador selante<\/a>, <a href=\"https:\/\/www.shoppingeldorado.com.br\/todas-as-categorias\/mascara-capilar-amavia-selante-liso-nobre-300g-1954519-10.html\">M\u00e1scara capilar<\/a>, <a href=\"https:\/\/www.shoppingeldorado.com.br\/todas-as-categorias\/serum-amavia-selante-liso-nobre-60ml-1954520-26.html\">S\u00e9rum<\/a>, <a href=\"https:\/\/www.shoppingeldorado.com.br\/todas-as-categorias\/leave-in-amavia-selante-liso-nobre-250ml-1954518-9.html\">Leave-in selante<\/a>.<\/p>\n\n\n\n<figure class=\"wp-block-embed is-type-video is-provider-youtube wp-block-embed-youtube wp-embed-aspect-16-9 wp-has-aspect-ratio\"><div class=\"wp-block-embed__wrapper\">\n<iframe title=\"liso nobre\" width=\"800\" height=\"450\" src=\"https:\/\/www.youtube.com\/embed\/lN4alW7zbQY?feature=oembed\" frameborder=\"0\" allow=\"accelerometer; autoplay; clipboard-write; encrypted-media; gyroscope; picture-in-picture; web-share\" referrerpolicy=\"strict-origin-when-cross-origin\" allowfullscreen><\/iframe>\n<\/div><\/figure>\n\n\n\n<h3 class=\"wp-block-heading\">Kit cabelos cacheados e crespos<\/h3>\n\n\n\n<p>Quem tem cabelos cacheados e crespos precisa dar uma aten\u00e7\u00e3o ainda maior \u00e0 hidrata\u00e7\u00e3o do cabelo para mant\u00ea-los sempre saud\u00e1veis e sedosos. Por conta da curvatura dos fios, a oleosidade natural produzida no cabelo acaba n\u00e3o conseguindo descer at\u00e9 as pontas, o que causa o ressecamento.<\/p>\n\n\n\n<p>Para cuidar muito bem dos cabelos cacheados e crespos e exibir uma cabeleira lind\u00edssima por a\u00ed, a nossa dica \u00e9 a linha Cacho Sublime e Make Curl. A linha \u00e9 completa para atender os cuidados e necessidades espec\u00edficas dos cabelos cacheados e crespos, entregando o n\u00edvel de hidrata\u00e7\u00e3o e nutrientes que estes cabelos precisam. Seu mix de produtos foi cuidadosamente pensado para criar diferentes combina\u00e7\u00f5es e efeitos atendendo aos diversos tipos e estilos de cabelos cacheados.<\/p>\n\n\n\n<p>Com ativos emolientes e hidratantes, como Pr\u00f3-Keratina e Abyssinian Oil, \u00f3leo de coco, manteiga de karit\u00e9, pantenol, mel, Vitamina E, macad\u00e2mia, abacate, oliva e argan, a linha contribui no dia a dia, a cada aplica\u00e7\u00e3o, para uma melhora na sa\u00fade e uma modelagem perfeita para cada tipo de curvatura dos fios.<br><\/p>\n\n\n\n<p>Os produtos da linha Make Curl cont\u00e9m Pr\u00f3-Keratina e Abyssinian Oil que combatem o ressecamento e desidrata\u00e7\u00e3o dos fios, ao mesmo tempo que proporcionam defini\u00e7\u00e3o aos cachos, deixando a fibra capilar com toque sedoso e brilho intenso.<\/p>\n\n\n\n<p>Comp\u00f5e a linha<a href=\"https:\/\/www.shoppingeldorado.com.br\/todas-as-categorias\/shampoo-amavia-ultra-hidratante-make-curl-300ml-1954486-2547.html\"> shampoo hidratante<\/a>, <a href=\"https:\/\/www.shoppingeldorado.com.br\/todas-as-categorias\/condicionador-amavia-ultra-hidratante-make-curl-300ml-1954487-2548.html\">condicionador<\/a>,<a href=\"https:\/\/www.shoppingeldorado.com.br\/todas-as-categorias\/leave-in-amavia-cacho-tipo-3-make-curl-300ml-1954490-2530.html\"> leave-in<\/a>, <a href=\"https:\/\/www.shoppingeldorado.com.br\/todas-as-categorias\/gelatina-modeladora-amavia-make-curl-300ml-1954492-2535.html\">gelatina modeladora<\/a> para finaliza\u00e7\u00e3o e <a href=\"https:\/\/www.shoppingeldorado.com.br\/vitrines-pagina-inicial\/umidificador-capilar-amavia-ultra-hidratante-make-curl-400ml-1954495-2550.html\">umidificador capilar<\/a>.<br><\/p>\n\n\n\n<h3 class=\"wp-block-heading\">Seu cronograma capilar novinho est\u00e1 no Shopping Eldorado<\/h3>\n\n\n\n<p>Esperamos que as dicas de produtos para o seu tipo de cabelo sejam \u00fateis e te ajudem a cuidar do seu cabelo do jeitinho que ele merece para alcan\u00e7ar um visual de arrasar. Al\u00e9m dos produtos Am\u00e1via, no <a href=\"https:\/\/www.shoppingeldorado.com.br\/\">marketplace do Shopping Eldorado<\/a> e tamb\u00e9m nas lojas f\u00edsicas, voc\u00ea encontra uma infinidade de produtos de alta qualidade para atender tudo o que voc\u00ea precisa.<\/p>\n","protected":false},"excerpt":{"rendered":"<p>Quer um cuidado de sal\u00e3o para os seus cabelos sem ter que sair de casa? Vem conhecer a Am\u00e1via! <\/p>\n","protected":false},"author":1,"featured_media":1601,"comment_status":"open","ping_status":"open","sticky":false,"template":"","format":"standard","meta":{"footnotes":""},"categories":[1],"tags":[],"class_list":["post-1600","post","type-post","status-publish","format-standard","has-post-thumbnail","hentry","category-saude-de-beleza"],"yoast_head":"<!-- This site is optimized with the Yoast SEO plugin v27.2 - https:\/\/yoast.com\/product\/yoast-seo-wordpress\/ -->\n<title>Am\u00e1via - marca latina de produtos para cabelos que vai transformar os seus fios - Blog do Shopping Eldorado<\/title>\n<meta name=\"description\" content=\"A marca brasileira vem com tudo para o cen\u00e1rio de produtos para cabelo. Cronograma capilar com qualidade de sal\u00e3o? Vem amar a Am\u00e1via!\" \/>\n<meta name=\"robots\" content=\"index, follow, max-snippet:-1, max-image-preview:large, max-video-preview:-1\" \/>\n<link rel=\"canonical\" href=\"https:\/\/webnasc.com\/eldorado\/amavia-marca-latina-de-produtos-para-cabelos-que-vai-transformar-os-seus-fios\/\" \/>\n<meta property=\"og:locale\" content=\"pt_BR\" \/>\n<meta property=\"og:type\" content=\"article\" \/>\n<meta property=\"og:title\" content=\"Am\u00e1via - marca latina de produtos para cabelos que vai transformar os seus fios - Blog do Shopping Eldorado\" \/>\n<meta property=\"og:description\" content=\"A marca brasileira vem com tudo para o cen\u00e1rio de produtos para cabelo. Cronograma capilar com qualidade de sal\u00e3o? Vem amar a Am\u00e1via!\" \/>\n<meta property=\"og:url\" content=\"https:\/\/webnasc.com\/eldorado\/amavia-marca-latina-de-produtos-para-cabelos-que-vai-transformar-os-seus-fios\/\" \/>\n<meta property=\"og:site_name\" content=\"Blog do Shopping Eldorado\" \/>\n<meta property=\"article:published_time\" content=\"2022-12-20T20:55:57+00:00\" \/>\n<meta property=\"article:modified_time\" content=\"2022-12-20T20:55:58+00:00\" \/>\n<meta property=\"og:image\" content=\"https:\/\/webnasc.com\/eldorado\/wp-content\/uploads\/2022\/12\/AdobeStock_295269902-scaled.jpeg\" \/>\n\t<meta property=\"og:image:width\" content=\"2560\" \/>\n\t<meta property=\"og:image:height\" content=\"1706\" \/>\n\t<meta property=\"og:image:type\" content=\"image\/jpeg\" \/>\n<meta name=\"author\" content=\"YfUiF46A\" \/>\n<meta name=\"twitter:card\" content=\"summary_large_image\" \/>\n<meta name=\"twitter:label1\" content=\"Escrito por\" \/>\n\t<meta name=\"twitter:data1\" content=\"YfUiF46A\" \/>\n\t<meta name=\"twitter:label2\" content=\"Est. tempo de leitura\" \/>\n\t<meta name=\"twitter:data2\" content=\"6 minutos\" \/>\n<script type=\"application\/ld+json\" class=\"yoast-schema-graph\">{\"@context\":\"https:\/\/schema.org\",\"@graph\":[{\"@type\":\"Article\",\"@id\":\"https:\/\/webnasc.com\/eldorado\/amavia-marca-latina-de-produtos-para-cabelos-que-vai-transformar-os-seus-fios\/#article\",\"isPartOf\":{\"@id\":\"https:\/\/webnasc.com\/eldorado\/amavia-marca-latina-de-produtos-para-cabelos-que-vai-transformar-os-seus-fios\/\"},\"author\":{\"name\":\"YfUiF46A\",\"@id\":\"https:\/\/webnasc.com\/eldorado\/#\/schema\/person\/19412b40961bb518fe08dac1c2cd064e\"},\"headline\":\"Am\u00e1via &#8211; marca latina de produtos para cabelos que vai transformar os seus fios\",\"datePublished\":\"2022-12-20T20:55:57+00:00\",\"dateModified\":\"2022-12-20T20:55:58+00:00\",\"mainEntityOfPage\":{\"@id\":\"https:\/\/webnasc.com\/eldorado\/amavia-marca-latina-de-produtos-para-cabelos-que-vai-transformar-os-seus-fios\/\"},\"wordCount\":1089,\"commentCount\":0,\"image\":{\"@id\":\"https:\/\/webnasc.com\/eldorado\/amavia-marca-latina-de-produtos-para-cabelos-que-vai-transformar-os-seus-fios\/#primaryimage\"},\"thumbnailUrl\":\"https:\/\/webnasc.com\/eldorado\/wp-content\/uploads\/2022\/12\/AdobeStock_295269902-scaled.jpeg\",\"articleSection\":[\"Sa\u00fade e Beleza\"],\"inLanguage\":\"pt-BR\",\"potentialAction\":[{\"@type\":\"CommentAction\",\"name\":\"Comment\",\"target\":[\"https:\/\/webnasc.com\/eldorado\/amavia-marca-latina-de-produtos-para-cabelos-que-vai-transformar-os-seus-fios\/#respond\"]}]},{\"@type\":\"WebPage\",\"@id\":\"https:\/\/webnasc.com\/eldorado\/amavia-marca-latina-de-produtos-para-cabelos-que-vai-transformar-os-seus-fios\/\",\"url\":\"https:\/\/webnasc.com\/eldorado\/amavia-marca-latina-de-produtos-para-cabelos-que-vai-transformar-os-seus-fios\/\",\"name\":\"Am\u00e1via - marca latina de produtos para cabelos que vai transformar os seus fios - Blog do Shopping Eldorado\",\"isPartOf\":{\"@id\":\"https:\/\/webnasc.com\/eldorado\/#website\"},\"primaryImageOfPage\":{\"@id\":\"https:\/\/webnasc.com\/eldorado\/amavia-marca-latina-de-produtos-para-cabelos-que-vai-transformar-os-seus-fios\/#primaryimage\"},\"image\":{\"@id\":\"https:\/\/webnasc.com\/eldorado\/amavia-marca-latina-de-produtos-para-cabelos-que-vai-transformar-os-seus-fios\/#primaryimage\"},\"thumbnailUrl\":\"https:\/\/webnasc.com\/eldorado\/wp-content\/uploads\/2022\/12\/AdobeStock_295269902-scaled.jpeg\",\"datePublished\":\"2022-12-20T20:55:57+00:00\",\"dateModified\":\"2022-12-20T20:55:58+00:00\",\"author\":{\"@id\":\"https:\/\/webnasc.com\/eldorado\/#\/schema\/person\/19412b40961bb518fe08dac1c2cd064e\"},\"description\":\"A marca brasileira vem com tudo para o cen\u00e1rio de produtos para cabelo. Cronograma capilar com qualidade de sal\u00e3o? Vem amar a Am\u00e1via!\",\"breadcrumb\":{\"@id\":\"https:\/\/webnasc.com\/eldorado\/amavia-marca-latina-de-produtos-para-cabelos-que-vai-transformar-os-seus-fios\/#breadcrumb\"},\"inLanguage\":\"pt-BR\",\"potentialAction\":[{\"@type\":\"ReadAction\",\"target\":[\"https:\/\/webnasc.com\/eldorado\/amavia-marca-latina-de-produtos-para-cabelos-que-vai-transformar-os-seus-fios\/\"]}]},{\"@type\":\"ImageObject\",\"inLanguage\":\"pt-BR\",\"@id\":\"https:\/\/webnasc.com\/eldorado\/amavia-marca-latina-de-produtos-para-cabelos-que-vai-transformar-os-seus-fios\/#primaryimage\",\"url\":\"https:\/\/webnasc.com\/eldorado\/wp-content\/uploads\/2022\/12\/AdobeStock_295269902-scaled.jpeg\",\"contentUrl\":\"https:\/\/webnasc.com\/eldorado\/wp-content\/uploads\/2022\/12\/AdobeStock_295269902-scaled.jpeg\",\"width\":2560,\"height\":1706,\"caption\":\"am\u00e1via sendo aplicado no cabelo\"},{\"@type\":\"BreadcrumbList\",\"@id\":\"https:\/\/webnasc.com\/eldorado\/amavia-marca-latina-de-produtos-para-cabelos-que-vai-transformar-os-seus-fios\/#breadcrumb\",\"itemListElement\":[{\"@type\":\"ListItem\",\"position\":1,\"name\":\"Home\",\"item\":\"https:\/\/webnasc.com\/eldorado\/\"},{\"@type\":\"ListItem\",\"position\":2,\"name\":\"Am\u00e1via &#8211; marca latina de produtos para cabelos que vai transformar os seus fios\"}]},{\"@type\":\"WebSite\",\"@id\":\"https:\/\/webnasc.com\/eldorado\/#website\",\"url\":\"https:\/\/webnasc.com\/eldorado\/\",\"name\":\"Blog do Shopping Eldorado\",\"description\":\"O seu shopping favorito agora entrega na sua casa! Vem para o Shopping Eldorado Store\",\"potentialAction\":[{\"@type\":\"SearchAction\",\"target\":{\"@type\":\"EntryPoint\",\"urlTemplate\":\"https:\/\/webnasc.com\/eldorado\/?s={search_term_string}\"},\"query-input\":{\"@type\":\"PropertyValueSpecification\",\"valueRequired\":true,\"valueName\":\"search_term_string\"}}],\"inLanguage\":\"pt-BR\"},{\"@type\":\"Person\",\"@id\":\"https:\/\/webnasc.com\/eldorado\/#\/schema\/person\/19412b40961bb518fe08dac1c2cd064e\",\"name\":\"YfUiF46A\",\"image\":{\"@type\":\"ImageObject\",\"inLanguage\":\"pt-BR\",\"@id\":\"https:\/\/secure.gravatar.com\/avatar\/1f65e6f958ebe87fa4149c37609af9c2fae8b1a8127452c09565315b682b49bf?s=96&d=mm&r=g\",\"url\":\"https:\/\/secure.gravatar.com\/avatar\/1f65e6f958ebe87fa4149c37609af9c2fae8b1a8127452c09565315b682b49bf?s=96&d=mm&r=g\",\"contentUrl\":\"https:\/\/secure.gravatar.com\/avatar\/1f65e6f958ebe87fa4149c37609af9c2fae8b1a8127452c09565315b682b49bf?s=96&d=mm&r=g\",\"caption\":\"YfUiF46A\"},\"sameAs\":[\"https:\/\/webnasc.com\/eldorado\"],\"url\":\"https:\/\/webnasc.com\/eldorado\/author\/yfuif46a\/\"}]}<\/script>\n<!-- \/ Yoast SEO plugin. -->","yoast_head_json":{"title":"Am\u00e1via - marca latina de produtos para cabelos que vai transformar os seus fios - Blog do Shopping Eldorado","description":"A marca brasileira vem com tudo para o cen\u00e1rio de produtos para cabelo. Cronograma capilar com qualidade de sal\u00e3o? Vem amar a Am\u00e1via!","robots":{"index":"index","follow":"follow","max-snippet":"max-snippet:-1","max-image-preview":"max-image-preview:large","max-video-preview":"max-video-preview:-1"},"canonical":"https:\/\/webnasc.com\/eldorado\/amavia-marca-latina-de-produtos-para-cabelos-que-vai-transformar-os-seus-fios\/","og_locale":"pt_BR","og_type":"article","og_title":"Am\u00e1via - marca latina de produtos para cabelos que vai transformar os seus fios - Blog do Shopping Eldorado","og_description":"A marca brasileira vem com tudo para o cen\u00e1rio de produtos para cabelo. Cronograma capilar com qualidade de sal\u00e3o? Vem amar a Am\u00e1via!","og_url":"https:\/\/webnasc.com\/eldorado\/amavia-marca-latina-de-produtos-para-cabelos-que-vai-transformar-os-seus-fios\/","og_site_name":"Blog do Shopping Eldorado","article_published_time":"2022-12-20T20:55:57+00:00","article_modified_time":"2022-12-20T20:55:58+00:00","og_image":[{"width":2560,"height":1706,"url":"https:\/\/webnasc.com\/eldorado\/wp-content\/uploads\/2022\/12\/AdobeStock_295269902-scaled.jpeg","type":"image\/jpeg"}],"author":"YfUiF46A","twitter_card":"summary_large_image","twitter_misc":{"Escrito por":"YfUiF46A","Est. tempo de leitura":"6 minutos"},"schema":{"@context":"https:\/\/schema.org","@graph":[{"@type":"Article","@id":"https:\/\/webnasc.com\/eldorado\/amavia-marca-latina-de-produtos-para-cabelos-que-vai-transformar-os-seus-fios\/#article","isPartOf":{"@id":"https:\/\/webnasc.com\/eldorado\/amavia-marca-latina-de-produtos-para-cabelos-que-vai-transformar-os-seus-fios\/"},"author":{"name":"YfUiF46A","@id":"https:\/\/webnasc.com\/eldorado\/#\/schema\/person\/19412b40961bb518fe08dac1c2cd064e"},"headline":"Am\u00e1via &#8211; marca latina de produtos para cabelos que vai transformar os seus fios","datePublished":"2022-12-20T20:55:57+00:00","dateModified":"2022-12-20T20:55:58+00:00","mainEntityOfPage":{"@id":"https:\/\/webnasc.com\/eldorado\/amavia-marca-latina-de-produtos-para-cabelos-que-vai-transformar-os-seus-fios\/"},"wordCount":1089,"commentCount":0,"image":{"@id":"https:\/\/webnasc.com\/eldorado\/amavia-marca-latina-de-produtos-para-cabelos-que-vai-transformar-os-seus-fios\/#primaryimage"},"thumbnailUrl":"https:\/\/webnasc.com\/eldorado\/wp-content\/uploads\/2022\/12\/AdobeStock_295269902-scaled.jpeg","articleSection":["Sa\u00fade e Beleza"],"inLanguage":"pt-BR","potentialAction":[{"@type":"CommentAction","name":"Comment","target":["https:\/\/webnasc.com\/eldorado\/amavia-marca-latina-de-produtos-para-cabelos-que-vai-transformar-os-seus-fios\/#respond"]}]},{"@type":"WebPage","@id":"https:\/\/webnasc.com\/eldorado\/amavia-marca-latina-de-produtos-para-cabelos-que-vai-transformar-os-seus-fios\/","url":"https:\/\/webnasc.com\/eldorado\/amavia-marca-latina-de-produtos-para-cabelos-que-vai-transformar-os-seus-fios\/","name":"Am\u00e1via - marca latina de produtos para cabelos que vai transformar os seus fios - Blog do Shopping Eldorado","isPartOf":{"@id":"https:\/\/webnasc.com\/eldorado\/#website"},"primaryImageOfPage":{"@id":"https:\/\/webnasc.com\/eldorado\/amavia-marca-latina-de-produtos-para-cabelos-que-vai-transformar-os-seus-fios\/#primaryimage"},"image":{"@id":"https:\/\/webnasc.com\/eldorado\/amavia-marca-latina-de-produtos-para-cabelos-que-vai-transformar-os-seus-fios\/#primaryimage"},"thumbnailUrl":"https:\/\/webnasc.com\/eldorado\/wp-content\/uploads\/2022\/12\/AdobeStock_295269902-scaled.jpeg","datePublished":"2022-12-20T20:55:57+00:00","dateModified":"2022-12-20T20:55:58+00:00","author":{"@id":"https:\/\/webnasc.com\/eldorado\/#\/schema\/person\/19412b40961bb518fe08dac1c2cd064e"},"description":"A marca brasileira vem com tudo para o cen\u00e1rio de produtos para cabelo. Cronograma capilar com qualidade de sal\u00e3o? Vem amar a Am\u00e1via!","breadcrumb":{"@id":"https:\/\/webnasc.com\/eldorado\/amavia-marca-latina-de-produtos-para-cabelos-que-vai-transformar-os-seus-fios\/#breadcrumb"},"inLanguage":"pt-BR","potentialAction":[{"@type":"ReadAction","target":["https:\/\/webnasc.com\/eldorado\/amavia-marca-latina-de-produtos-para-cabelos-que-vai-transformar-os-seus-fios\/"]}]},{"@type":"ImageObject","inLanguage":"pt-BR","@id":"https:\/\/webnasc.com\/eldorado\/amavia-marca-latina-de-produtos-para-cabelos-que-vai-transformar-os-seus-fios\/#primaryimage","url":"https:\/\/webnasc.com\/eldorado\/wp-content\/uploads\/2022\/12\/AdobeStock_295269902-scaled.jpeg","contentUrl":"https:\/\/webnasc.com\/eldorado\/wp-content\/uploads\/2022\/12\/AdobeStock_295269902-scaled.jpeg","width":2560,"height":1706,"caption":"am\u00e1via sendo aplicado no cabelo"},{"@type":"BreadcrumbList","@id":"https:\/\/webnasc.com\/eldorado\/amavia-marca-latina-de-produtos-para-cabelos-que-vai-transformar-os-seus-fios\/#breadcrumb","itemListElement":[{"@type":"ListItem","position":1,"name":"Home","item":"https:\/\/webnasc.com\/eldorado\/"},{"@type":"ListItem","position":2,"name":"Am\u00e1via &#8211; marca latina de produtos para cabelos que vai transformar os seus fios"}]},{"@type":"WebSite","@id":"https:\/\/webnasc.com\/eldorado\/#website","url":"https:\/\/webnasc.com\/eldorado\/","name":"Blog do Shopping Eldorado","description":"O seu shopping favorito agora entrega na sua casa! Vem para o Shopping Eldorado Store","potentialAction":[{"@type":"SearchAction","target":{"@type":"EntryPoint","urlTemplate":"https:\/\/webnasc.com\/eldorado\/?s={search_term_string}"},"query-input":{"@type":"PropertyValueSpecification","valueRequired":true,"valueName":"search_term_string"}}],"inLanguage":"pt-BR"},{"@type":"Person","@id":"https:\/\/webnasc.com\/eldorado\/#\/schema\/person\/19412b40961bb518fe08dac1c2cd064e","name":"YfUiF46A","image":{"@type":"ImageObject","inLanguage":"pt-BR","@id":"https:\/\/secure.gravatar.com\/avatar\/1f65e6f958ebe87fa4149c37609af9c2fae8b1a8127452c09565315b682b49bf?s=96&d=mm&r=g","url":"https:\/\/secure.gravatar.com\/avatar\/1f65e6f958ebe87fa4149c37609af9c2fae8b1a8127452c09565315b682b49bf?s=96&d=mm&r=g","contentUrl":"https:\/\/secure.gravatar.com\/avatar\/1f65e6f958ebe87fa4149c37609af9c2fae8b1a8127452c09565315b682b49bf?s=96&d=mm&r=g","caption":"YfUiF46A"},"sameAs":["https:\/\/webnasc.com\/eldorado"],"url":"https:\/\/webnasc.com\/eldorado\/author\/yfuif46a\/"}]}},"_links":{"self":[{"href":"https:\/\/webnasc.com\/eldorado\/wp-json\/wp\/v2\/posts\/1600","targetHints":{"allow":["GET"]}}],"collection":[{"href":"https:\/\/webnasc.com\/eldorado\/wp-json\/wp\/v2\/posts"}],"about":[{"href":"https:\/\/webnasc.com\/eldorado\/wp-json\/wp\/v2\/types\/post"}],"author":[{"embeddable":true,"href":"https:\/\/webnasc.com\/eldorado\/wp-json\/wp\/v2\/users\/1"}],"replies":[{"embeddable":true,"href":"https:\/\/webnasc.com\/eldorado\/wp-json\/wp\/v2\/comments?post=1600"}],"version-history":[{"count":2,"href":"https:\/\/webnasc.com\/eldorado\/wp-json\/wp\/v2\/posts\/1600\/revisions"}],"predecessor-version":[{"id":1604,"href":"https:\/\/webnasc.com\/eldorado\/wp-json\/wp\/v2\/posts\/1600\/revisions\/1604"}],"wp:featuredmedia":[{"embeddable":true,"href":"https:\/\/webnasc.com\/eldorado\/wp-json\/wp\/v2\/media\/1601"}],"wp:attachment":[{"href":"https:\/\/webnasc.com\/eldorado\/wp-json\/wp\/v2\/media?parent=1600"}],"wp:term":[{"taxonomy":"category","embeddable":true,"href":"https:\/\/webnasc.com\/eldorado\/wp-json\/wp\/v2\/categories?post=1600"},{"taxonomy":"post_tag","embeddable":true,"href":"https:\/\/webnasc.com\/eldorado\/wp-json\/wp\/v2\/tags?post=1600"}],"curies":[{"name":"wp","href":"https:\/\/api.w.org\/{rel}","templated":true}]}}