{"id":1773,"date":"2023-02-02T19:25:09","date_gmt":"2023-02-02T22:25:09","guid":{"rendered":"https:\/\/blog.shoppingeldorado.com.br\/?p=1773"},"modified":"2023-02-09T13:56:54","modified_gmt":"2023-02-09T16:56:54","slug":"checklist-do-verao-o-que-levar-na-mala","status":"publish","type":"post","link":"https:\/\/webnasc.com\/eldorado\/checklist-do-verao-o-que-levar-na-mala\/","title":{"rendered":"Checklist do ver\u00e3o: 10 itens que voc\u00ea n\u00e3o pode esquecer de colocar na mala e como escolh\u00ea-los&nbsp;"},"content":{"rendered":"\n<p>O ver\u00e3o \u00e9 a esta\u00e7\u00e3o mais esperada por todos n\u00f3s, principalmente para os amantes de boas viagens e de praias. De forma que logo que ele come\u00e7a j\u00e1 come\u00e7amos a nos preparar e pensar: o que levar em nossa mala?<\/p>\n\n\n\n<p>Esta resposta vai depender do destino da viagem, mas se tratando da esta\u00e7\u00e3o mais quente vamos apostar que o seu pouso final ser\u00e1 em uma praia, em uma piscina, ou qualquer outro local onde possa se refrescar.<\/p>\n\n\n\n<p>E para isso, voc\u00ea vai precisar de itens indispens\u00e1veis dentro da sua bolsa. S\u00e3o produtos, acess\u00f3rios e roupas que v\u00e3o fazer a sua estadia mais confort\u00e1vel, al\u00e9m de proteger teu corpo, bem exposto por conta do&nbsp; calor.<\/p>\n\n\n\n<p>Sendo assim, o blog do Shopping Eldorado traz para voc\u00ea o checklist do ver\u00e3o! Com 10 itens que n\u00e3o se pode esquecer de colocar na mala. E ainda te contamos qual a melhor forma de escolher cada um deles. Confira!<\/p>\n\n\n\n<h2 class=\"wp-block-heading\">Protetor solar<\/h2>\n\n\n\n<p>O protetor solar \u00e9 o primeiro da lista, e n\u00e3o \u00e9 por acaso. Embora ele seja lembrado no ver\u00e3o, seu uso deve ser durante todo o ano. Afinal, n\u00e3o estamos protegidos do sol e dos raios ultravioletas em nenhuma esta\u00e7\u00e3o.<\/p>\n\n\n\n<p>Para escolher o melhor protetor solar para sua pele \u00e9 importante saber um pouco mais sobre os fatores de prote\u00e7\u00e3o e do que eles protegem.&nbsp;<\/p>\n\n\n\n<p>A <a href=\"https:\/\/www.shoppingeldorado.com.br\/catalogsearch\/result\/?q=protetor+solar\">prote\u00e7\u00e3o solar <\/a>\u00e9 contra dois tipos de raios ultravioletas: UVA e UVB. E primeiramente vamos falar sobre o UVB que \u00e9 o raio que apresenta o fator de prote\u00e7\u00e3o estampado no frasco do filtro solar. Ele \u00e9 o raio que penetra superficialmente na pele, e que causa queimaduras e vermelhid\u00e3o nas peles mais sens\u00edveis.<\/p>\n\n\n\n<p>Todos os protetores solares agem contra esse raio, e o fator (FPS) \u00e9 de acordo com o tempo que ele vai deixar a pele protegida. Ou seja, quanto maior o fator, mais tempo ficar\u00e1 a salvo dos danos do sol. E por isso, pessoas com peles mais brancas, que se queimam mais r\u00e1pido devem optar por fatores maiores.<\/p>\n\n\n\n<p>J\u00e1 o UVB \u00e9 um raio que \u00e9 uma das principais causas do c\u00e2ncer de pele. E por isso, deve-se buscar um protetor que tenha um fator alto contra UVB tamb\u00e9m, principalmente aquelas pessoas que t\u00eam hist\u00f3rico familiar.<\/p>\n\n\n\n<p>Revisando: escolha um protetor solar de acordo com a sua cor de pele, mas sempre acima de FPS 30. E n\u00e3o esque\u00e7a de conferir se ele possui alta prote\u00e7\u00e3o contra raios UVA.<\/p>\n\n\n\n<figure class=\"wp-block-image size-large\"><img fetchpriority=\"high\" decoding=\"async\" width=\"1024\" height=\"683\" src=\"https:\/\/blog.shoppingeldorado.com.br\/wp-content\/uploads\/2023\/02\/AdobeStock_492004891-1024x683.jpeg\" alt=\"\" class=\"wp-image-1775\" srcset=\"https:\/\/webnasc.com\/eldorado\/wp-content\/uploads\/2023\/02\/AdobeStock_492004891-1024x683.jpeg 1024w, https:\/\/webnasc.com\/eldorado\/wp-content\/uploads\/2023\/02\/AdobeStock_492004891-300x200.jpeg 300w, https:\/\/webnasc.com\/eldorado\/wp-content\/uploads\/2023\/02\/AdobeStock_492004891-768x512.jpeg 768w, https:\/\/webnasc.com\/eldorado\/wp-content\/uploads\/2023\/02\/AdobeStock_492004891-1536x1024.jpeg 1536w, https:\/\/webnasc.com\/eldorado\/wp-content\/uploads\/2023\/02\/AdobeStock_492004891-2048x1365.jpeg 2048w, https:\/\/webnasc.com\/eldorado\/wp-content\/uploads\/2023\/02\/AdobeStock_492004891-1920x1280.jpeg 1920w, https:\/\/webnasc.com\/eldorado\/wp-content\/uploads\/2023\/02\/AdobeStock_492004891-1170x780.jpeg 1170w, https:\/\/webnasc.com\/eldorado\/wp-content\/uploads\/2023\/02\/AdobeStock_492004891-585x390.jpeg 585w, https:\/\/webnasc.com\/eldorado\/wp-content\/uploads\/2023\/02\/AdobeStock_492004891-263x175.jpeg 263w\" sizes=\"(max-width: 1024px) 100vw, 1024px\" \/><figcaption class=\"wp-element-caption\">Young mother applying protective sunscreen on daughter nose at beach with copy space. Black woman hand putting sun lotion on female child face. African american cute little girl with sunblock cream at seaside.<\/figcaption><\/figure>\n\n\n\n<h2 class=\"wp-block-heading\"><strong>Roupa de banho (biqu\u00ednis, mai\u00f4s, sungas e cal\u00e7\u00f5es)<\/strong><\/h2>\n\n\n\n<p>A roupa de banho \u00e9 o dress code do ver\u00e3o, estando presente na beira mar e nas beiras das piscinas durante todo o ver\u00e3o. No qual mulheres se dividem entre as que preferem <a href=\"https:\/\/www.shoppingeldorado.com.br\/feminino\/moda-praia.html\">mai\u00f4 ou biquini<\/a>, e os homens escolhem entre sungas e cal\u00e7\u00f5es.<\/p>\n\n\n\n<p>De toda forma, todos t\u00eam em comum um material prop\u00edcio para o contato prolongado com a \u00e1gua e dimens\u00f5es menores que deixam o corpo mais exposto.<\/p>\n\n\n\n<p>Para escolher entre mai\u00f4 e biqu\u00edni, opte por aquele que mais te deixa confort\u00e1vel, e que tamb\u00e9m te deixa arrasando por onde for. As tend\u00eancias desse ver\u00e3o s\u00e3o: cores neons,&nbsp; biquini asa delta, hot pants ou mai\u00f4 cavado. Ou voc\u00ea pode apenas apostar naquele que fizer seus olhos brilharem!<\/p>\n\n\n\n<p>J\u00e1 para os rapazes, vale a mesma regra de se sentir confort\u00e1vel. Al\u00e9m disso, as <a href=\"https:\/\/www.shoppingeldorado.com.br\/masculino\/moda-praia.html\">sungas e os cal\u00e7\u00f5es <\/a>que est\u00e3o em alta s\u00e3o as com estampas (das mais variadas). Ent\u00e3o aposte naquela que combine mais com voc\u00ea!<\/p>\n\n\n\n<div class=\"wp-block-essential-blocks-call-to-action\"><div class=\"eb-parent-wrapper eb-parent-eb-call-to-action-91gdtuk \"><div class=\"eb-cia-wrapper eb-call-to-action-91gdtuk\" data-icon=\"fab fa-periscope\"><div class=\"eb-cia-text-wrapper\"><div class=\"eb-cia-icon fab fa-periscope\"><\/div><h3 class=\"eb-cia-title\">Que tal renovar os looks para as fotos do ver\u00e3o?<\/h3><p class=\"eb-cia-description\">Encontre aqui os biqu\u00ednis e mai\u00f4s mais estilosos e confort\u00e1veis para voc\u00ea arrasar! <\/p><\/div><div class=\"eb-cia-button-wrapper\"><a href=\"https:\/\/www.shoppingeldorado.com.br\/feminino\/moda-praia.html\" target=\"_self\" rel=\"noopener\"><div class=\"eb-cia-button is-medium\">Ir para o site<\/div><\/a><\/div><\/div><\/div><\/div>\n\n\n\n<h2 class=\"wp-block-heading\"><strong>Canga ou sa\u00edda de banho<\/strong><\/h2>\n\n\n\n<p>Especialmente para mulheres, mas n\u00e3o s\u00f3, as cangas e as sa\u00eddas de banho s\u00e3o importantes na hora de sair da \u00e1gua e entrar em um lugar fechado, por exemplo. Elas tamb\u00e9m acabam protegendo do sol, ao se expor na areia ou sobre uma espregui\u00e7adeira.<\/p>\n\n\n\n<p>Al\u00e9m disso, as cangas s\u00e3o \u00f3timas aliadas na hora de deitar-se ao sol para pegar aquele bronzeado e ficar com a cara do ver\u00e3o.<\/p>\n\n\n\n<p>Para escolher o modelo certo, atente-se ao seu tamanho. E adquira aquela que vai fazer o par perfeito com sua roupa de banho. E, caso tenha v\u00e1rias op\u00e7\u00f5es de biqu\u00ednis e mai\u00f4s, opte por um modelo mais neutro que vai combinar com todos eles.<\/p>\n\n\n\n<h2 class=\"wp-block-heading\"><strong>\u00d3culos de sol<\/strong><\/h2>\n\n\n\n<p>Outro acess\u00f3rio importante para prote\u00e7\u00e3o solar s\u00e3o os<a href=\"https:\/\/www.shoppingeldorado.com.br\/todas-as-categorias\/oculos-e-acessorios\/oculos-de-sol.html\"> \u00f3culos de sol<\/a>. Eles protegem nossos olhos dos raios nocivos e tamb\u00e9m devem ser utilizados durante todo o ano. Afinal, a nossa vis\u00e3o \u00e9 um dos sentidos mais importantes do nosso corpo.<\/p>\n\n\n\n<p>Al\u00e9m disso, para escolher o melhor \u00f3culos de sol para o seu ver\u00e3o, pode-se apostar na tend\u00eancia das lentes coloridas, que est\u00e3o em alta. E quanto \u00e0 arma\u00e7\u00e3o, sugere-se que <a href=\"https:\/\/blog.shoppingeldorado.com.br\/dicas-para-escolher-seu-oculos-novo\/\">escolha a partir de seu formato de rosto<\/a>, de forma a harmonizar melhor seu visual.<\/p>\n\n\n\n<p>Para isso, podemos ajudar voc\u00eas, mostrando qual o tipo de arma\u00e7\u00e3o mais adequado para seu rosto. S\u00e3o eles:<\/p>\n\n\n\n<ul class=\"wp-block-list\">\n<li><strong>arma\u00e7\u00e3o quadrada:<\/strong> deve ser utilizada por quem tem o rosto mais redondo e curto;<\/li>\n\n\n\n<li><strong>arma\u00e7\u00e3o retangular:<\/strong> indicada para quem tem o rosto redondo mas mais comprido e arredondado;<\/li>\n\n\n\n<li><strong>arma\u00e7\u00e3o circular:<\/strong> perfeita para suavizar os tra\u00e7os de quem tem o rosto mais quadrado com linhas bem definidas;<\/li>\n\n\n\n<li><strong>arma\u00e7\u00e3o discreta:<\/strong> essa \u00e9 a escolha para quem tem o rosto mais triangular;<\/li>\n\n\n\n<li><strong>arma\u00e7\u00e3o gatinho:<\/strong> boa escolha para todos os tipos de rosto.<\/li>\n<\/ul>\n\n\n\n<p><\/p>\n\n\n\n<div class=\"wp-block-essential-blocks-call-to-action\"><div class=\"eb-parent-wrapper eb-parent-eb-call-to-action-mxtegaa \"><div class=\"eb-cia-wrapper eb-call-to-action-mxtegaa\" data-icon=\"fas fa-eye\"><div class=\"eb-cia-text-wrapper\"><h3 class=\"eb-cia-title\">Seus \u00f3culos novos est\u00e3o no Shopping Eldorado<\/h3><p class=\"eb-cia-description\">Vem escolher seu favorito para aproveitar o ver\u00e3o. As marcas que voc\u00ea j\u00e1 ama agora todas juntas no seu shopping favorito! <\/p><\/div><div class=\"eb-cia-button-wrapper\"><a href=\"https:\/\/www.shoppingeldorado.com.br\/todas-as-categorias\/oculos-e-acessorios\/oculos-de-sol.html\" target=\"_blank\" rel=\"noopener\"><div class=\"eb-cia-button is-medium hvr-pop\">Compre aqui<\/div><\/a><\/div><\/div><\/div><\/div>\n\n\n\n<h2 class=\"wp-block-heading\"><strong>Bon\u00e9s e Chap\u00e9us&nbsp;<\/strong><\/h2>\n\n\n\n<p>Os chap\u00e9us tamb\u00e9m d\u00e3o um fator extra de prote\u00e7\u00e3o, livrando nosso rosto e nosso couro cabeludo dos raios solares. E a tend\u00eancia dessa esta\u00e7\u00e3o s\u00e3o os bucket hat, ou chap\u00e9u de pescador, que ficam bem em diversas situa\u00e7\u00f5es e n\u00e3o apenas na praia.<\/p>\n\n\n\n<p>Os chap\u00e9us possuem diversos tipos de materiais, desde tecidos leves \u00e0 sarja e outros materiais como a palha. Este \u00faltimo \u00e9 a cara do ver\u00e3o, n\u00e3o \u00e9 mesmo? Al\u00e9m disso, estes chap\u00e9us d\u00e3o um ar despojado e jovial ao seu look.<\/p>\n\n\n\n<p>Para escolher o que melhor combina com voc\u00ea, aposte em escolher um material que combine com o seu estilo, e tamb\u00e9m com os lugares que voc\u00ea vai frequentar. Os de tecido s\u00e3o \u00f3timos para programas mais urbanos, enquanto os de croch\u00ea e palha s\u00e3o melhores para beira da piscina e praia.<\/p>\n\n\n\n<h2 class=\"wp-block-heading\"><strong>Chinelo<\/strong><\/h2>\n\n\n\n<p>Para beira da praia e da piscina, os p\u00e9s pedem um cal\u00e7ado que seja antiderrapante e que seja f\u00e1cil de cal\u00e7ar, por isso os<a href=\"https:\/\/www.shoppingeldorado.com.br\/feminino\/calcados\/chinelos-e-pantufas.html\"> chinelos<\/a> s\u00e3o itens obrigat\u00f3rios na mala de viagem e na hora de ir tomar banho de piscina ou de mar.<\/p>\n\n\n\n<p>E s\u00e3o diversos os modelos! Para quem acha que eles s\u00e3o simples e n\u00e3o fazem diferen\u00e7a no visual, continue lendo que eu vou te provar que eles s\u00e3o muito estilosos e podem ser o acess\u00f3rio que vai fazer a diferen\u00e7a no seu look.<\/p>\n\n\n\n<p>Os<a href=\"https:\/\/www.shoppingeldorado.com.br\/feminino\/calcados\/chinelos-e-pantufas.html\"> chinelos <\/a>podem ser desde os mais simples, at\u00e9 os mais personalizados. Com modelos de tiras, diversas cores e at\u00e9 mesmo estampas. Eles comp\u00f5em com o visual, dando o toque final para a roupa e sa\u00edda de banho.<\/p>\n\n\n\n<p>Para escolher o melhor modelo n\u00e3o tem erro: escolha um que combine com seu estilo e com sua roupa de banho. S\u00f3 n\u00e3o esque\u00e7a de optar tamb\u00e9m por uma pe\u00e7a que seja confort\u00e1vel e do tamanho certo do seu p\u00e9!<\/p>\n\n\n\n<h2 class=\"wp-block-heading\">Toalha de praia e piscina<\/h2>\n\n\n\n<p>A <a href=\"https:\/\/www.shoppingeldorado.com.br\/todas-as-categorias\/casa\/cama-mesa-e-banho\/banho.html\">toalha de banho<\/a>, ou para praia e piscina, \u00e9 aquela toalha com estampas coloridas e cores mais vibrantes que combinam com o momento de lazer e a esta\u00e7\u00e3o que elas s\u00e3o utilizadas. E com certeza s\u00e3o itens indispens\u00e1veis na sua mala de viagem.<\/p>\n\n\n\n<p>Al\u00e9m disso, elas s\u00e3o feitas para resistir melhor ao cloro da piscina e ao sal do mar. E tamb\u00e9m s\u00e3o mais finas, o que facilita que elas sequem da melhor forma poss\u00edvel ap\u00f3s aquele banho de mar ou piscina.<\/p>\n\n\n\n<p>Outra vantagem \u00e9 que a sua textura aveludada ret\u00eam menos areia que a maioria das toalhas. E existem uma infinidade de modelos no mercado. Escolha aquela que mais te agradar!<\/p>\n\n\n\n<h2 class=\"wp-block-heading\">Garrafa de \u00e1gua<\/h2>\n\n\n\n<p>Beber \u00e1gua \u00e9 fundamental para manter a <a href=\"https:\/\/www.shoppingeldorado.com.br\/catalogsearch\/result\/?q=stanley\">hidrata\u00e7\u00e3o <\/a>no ver\u00e3o, principalmente se voc\u00ea est\u00e1 exposto ao sol. Porque assim evita-se que se tenha uma insola\u00e7\u00e3o e desidrata\u00e7\u00e3o intensa. Por isso, invista em uma <a href=\"https:\/\/www.shoppingeldorado.com.br\/catalogsearch\/result\/?q=stanley\">garrafa que mantenha a temperatura<\/a> ou ent\u00e3o leve junto um cooler.<\/p>\n\n\n\n<p>Na hora da escolha, opte por uma que permita 1 litro ou mais, assim n\u00e3o vai faltar \u00e1gua para voc\u00ea. E voc\u00ea pode ainda escolher diversos modelos, com cores, estampas e at\u00e9 mesmo hor\u00e1rio para n\u00e3o esquecer de beber a sua \u00e1gua.<\/p>\n\n\n\n<div class=\"wp-block-essential-blocks-team-member\"><div class=\"eb-parent-wrapper eb-parent-eb-team-member-pnaeybc \"><div class=\"eb-team-member-pnaeybc eb-team-wrapper\"><div class=\"eb-team-inner\"><div class=\"image\"><img decoding=\"async\" class=\"avatar\" src=\"https:\/\/blog.shoppingeldorado.com.br\/wp-content\/uploads\/2023\/02\/2751761_caneca-8039-1_1_1.png\" alt=\"member\"\/><\/div><div class=\"contents\"><div class=\"texts\"><h3 class=\"name\">STANLEY<\/h3><h4 class=\"job_title\">Acabou de chegar no site!<\/h4><p class=\"description\">Est\u00e1 esperando o que para ter os copos e garrafas mais amados do mercado? Sua bebida sempre fresquinha, mesmo no ver\u00e3o!  <\/p><\/div><ul class=\"socials\"><li><a class=\" \" href=\"\/\/www.shoppingeldorado.com.br\/catalogsearch\/result\/index\/?q=STANLEY\" target=\"_blank\" rel=\"noopener\"><i class=\"hvr-icon social-icon fab fa-gulp\"><\/i><\/a><\/li><\/ul><\/div><\/div><\/div><\/div><\/div>\n\n\n\n<h2 class=\"wp-block-heading\">Guarda-sol<\/h2>\n\n\n\n<p>Mais um fator de prote\u00e7\u00e3o contra os raios solares, \u00e9 o guarda-sol. Ele ajuda na hora de proteger a pele e tamb\u00e9m os itens que levamos para a praia e que n\u00e3o devem ficar expostos ao sol durante todo o tempo.<\/p>\n\n\n\n<p>Al\u00e9m disso, o guarda-sol ajuda a demarcar onde voc\u00ea est\u00e1 sentado, o que \u00e9 muito \u00fatil na hora de dar uma passeada ou de tomar banho de mar.<\/p>\n\n\n\n<p>Sendo assim, n\u00e3o abra m\u00e3o desse item. E na hora de escolher, opte por um que cubra pelo menos duas pessoas. Ou ent\u00e3o quem sabe voc\u00ea pode comprar um gazebo e proteger toda a sua fam\u00edlia.<\/p>\n\n\n\n<h2 class=\"wp-block-heading\">Roupas leves de ver\u00e3o<\/h2>\n\n\n\n<p>E por \u00faltimo, mas n\u00e3o menos importante, n\u00e3o esque\u00e7a de levar na sua mala diversas roupas leves como: vestidos, shorts e regatas. Afinal nem todo o ver\u00e3o \u00e9 dentro da \u00e1gua e voc\u00ea vai precisar de roupas leves para outros momentos de lazer.<\/p>\n\n\n\n<p>Escolha <a href=\"https:\/\/www.shoppingeldorado.com.br\/feminino\/esporte.html\">roupas com tecidos respir\u00e1veis <\/a>como&nbsp; o Algod\u00e3o, Rayon e Linho. Aposte nos tons fortes que s\u00e3o tend\u00eancia do ver\u00e3o 2023. E n\u00e3o se esque\u00e7a do protetor solar mesmo fora da praia e de aproveitar cada momento. Boa viagem!<\/p>\n\n\n\n<h2 class=\"wp-block-heading\"><strong>O Shopping Eldorado te ajuda a curtir as f\u00e9rias&nbsp;<\/strong><\/h2>\n\n\n\n<p>Aqui no <a href=\"https:\/\/www.shoppingeldorado.com.br\/\">Shopping Eldorado <\/a>voc\u00ea encontra tudo o que precisa para aproveitar suas f\u00e9rias com o m\u00e1ximo de cuidado e conforto. Aproveite as promo\u00e7\u00f5es e monte um carrinho personalizado para receber suas compras sem precisar sair de casa!&nbsp;<\/p>\n","protected":false},"excerpt":{"rendered":"<p>O ver\u00e3o \u00e9 a esta\u00e7\u00e3o mais esperada por todos n\u00f3s, principalmente para os amantes de boas viagens e de praias. De forma que logo que ele come\u00e7a j\u00e1 come\u00e7amos a nos preparar e pensar: o que levar em nossa mala? Esta resposta vai depender do destino da viagem, mas se tratando da esta\u00e7\u00e3o mais quente [&hellip;]<\/p>\n","protected":false},"author":1,"featured_media":1774,"comment_status":"open","ping_status":"open","sticky":false,"template":"","format":"standard","meta":{"footnotes":""},"categories":[38],"tags":[],"class_list":["post-1773","post","type-post","status-publish","format-standard","has-post-thumbnail","hentry","category-lifestyle"],"yoast_head":"<!-- This site is optimized with the Yoast SEO plugin v27.2 - https:\/\/yoast.com\/product\/yoast-seo-wordpress\/ -->\n<title>Checklist do ver\u00e3o: 10 itens que voc\u00ea n\u00e3o pode esquecer de colocar na mala e como escolh\u00ea-los&nbsp; - Blog do Shopping Eldorado<\/title>\n<meta name=\"description\" content=\"Vai viajar e n\u00e3o quer esquecer nada para tr\u00e1s? Confira o Checklist de Ver\u00e3o com 10 dicas incr\u00edveis de itens que v\u00e3o salvar sua viagem!\" \/>\n<meta name=\"robots\" content=\"index, follow, max-snippet:-1, max-image-preview:large, max-video-preview:-1\" \/>\n<link rel=\"canonical\" href=\"https:\/\/webnasc.com\/eldorado\/checklist-do-verao-o-que-levar-na-mala\/\" \/>\n<meta property=\"og:locale\" content=\"pt_BR\" \/>\n<meta property=\"og:type\" content=\"article\" \/>\n<meta property=\"og:title\" content=\"Checklist do ver\u00e3o: 10 itens que voc\u00ea n\u00e3o pode esquecer de colocar na mala e como escolh\u00ea-los&nbsp; - Blog do Shopping Eldorado\" \/>\n<meta property=\"og:description\" content=\"Vai viajar e n\u00e3o quer esquecer nada para tr\u00e1s? Confira o Checklist de Ver\u00e3o com 10 dicas incr\u00edveis de itens que v\u00e3o salvar sua viagem!\" \/>\n<meta property=\"og:url\" content=\"https:\/\/webnasc.com\/eldorado\/checklist-do-verao-o-que-levar-na-mala\/\" \/>\n<meta property=\"og:site_name\" content=\"Blog do Shopping Eldorado\" \/>\n<meta property=\"article:published_time\" content=\"2023-02-02T22:25:09+00:00\" \/>\n<meta property=\"article:modified_time\" content=\"2023-02-09T16:56:54+00:00\" \/>\n<meta property=\"og:image\" content=\"https:\/\/webnasc.com\/eldorado\/wp-content\/uploads\/2023\/02\/AdobeStock_386169714-scaled.jpeg\" \/>\n\t<meta property=\"og:image:width\" content=\"2560\" \/>\n\t<meta property=\"og:image:height\" content=\"1707\" \/>\n\t<meta property=\"og:image:type\" content=\"image\/jpeg\" \/>\n<meta name=\"author\" content=\"YfUiF46A\" \/>\n<meta name=\"twitter:card\" content=\"summary_large_image\" \/>\n<meta name=\"twitter:label1\" content=\"Escrito por\" \/>\n\t<meta name=\"twitter:data1\" content=\"YfUiF46A\" \/>\n\t<meta name=\"twitter:label2\" content=\"Est. tempo de leitura\" \/>\n\t<meta name=\"twitter:data2\" content=\"10 minutos\" \/>\n<script type=\"application\/ld+json\" class=\"yoast-schema-graph\">{\"@context\":\"https:\/\/schema.org\",\"@graph\":[{\"@type\":\"Article\",\"@id\":\"https:\/\/webnasc.com\/eldorado\/checklist-do-verao-o-que-levar-na-mala\/#article\",\"isPartOf\":{\"@id\":\"https:\/\/webnasc.com\/eldorado\/checklist-do-verao-o-que-levar-na-mala\/\"},\"author\":{\"name\":\"YfUiF46A\",\"@id\":\"https:\/\/webnasc.com\/eldorado\/#\/schema\/person\/19412b40961bb518fe08dac1c2cd064e\"},\"headline\":\"Checklist do ver\u00e3o: 10 itens que voc\u00ea n\u00e3o pode esquecer de colocar na mala e como escolh\u00ea-los&nbsp;\",\"datePublished\":\"2023-02-02T22:25:09+00:00\",\"dateModified\":\"2023-02-09T16:56:54+00:00\",\"mainEntityOfPage\":{\"@id\":\"https:\/\/webnasc.com\/eldorado\/checklist-do-verao-o-que-levar-na-mala\/\"},\"wordCount\":1904,\"commentCount\":0,\"image\":{\"@id\":\"https:\/\/webnasc.com\/eldorado\/checklist-do-verao-o-que-levar-na-mala\/#primaryimage\"},\"thumbnailUrl\":\"https:\/\/webnasc.com\/eldorado\/wp-content\/uploads\/2023\/02\/AdobeStock_386169714-scaled.jpeg\",\"articleSection\":[\"Lifestyle\"],\"inLanguage\":\"pt-BR\",\"potentialAction\":[{\"@type\":\"CommentAction\",\"name\":\"Comment\",\"target\":[\"https:\/\/webnasc.com\/eldorado\/checklist-do-verao-o-que-levar-na-mala\/#respond\"]}]},{\"@type\":\"WebPage\",\"@id\":\"https:\/\/webnasc.com\/eldorado\/checklist-do-verao-o-que-levar-na-mala\/\",\"url\":\"https:\/\/webnasc.com\/eldorado\/checklist-do-verao-o-que-levar-na-mala\/\",\"name\":\"Checklist do ver\u00e3o: 10 itens que voc\u00ea n\u00e3o pode esquecer de colocar na mala e como escolh\u00ea-los&nbsp; - Blog do Shopping Eldorado\",\"isPartOf\":{\"@id\":\"https:\/\/webnasc.com\/eldorado\/#website\"},\"primaryImageOfPage\":{\"@id\":\"https:\/\/webnasc.com\/eldorado\/checklist-do-verao-o-que-levar-na-mala\/#primaryimage\"},\"image\":{\"@id\":\"https:\/\/webnasc.com\/eldorado\/checklist-do-verao-o-que-levar-na-mala\/#primaryimage\"},\"thumbnailUrl\":\"https:\/\/webnasc.com\/eldorado\/wp-content\/uploads\/2023\/02\/AdobeStock_386169714-scaled.jpeg\",\"datePublished\":\"2023-02-02T22:25:09+00:00\",\"dateModified\":\"2023-02-09T16:56:54+00:00\",\"author\":{\"@id\":\"https:\/\/webnasc.com\/eldorado\/#\/schema\/person\/19412b40961bb518fe08dac1c2cd064e\"},\"description\":\"Vai viajar e n\u00e3o quer esquecer nada para tr\u00e1s? Confira o Checklist de Ver\u00e3o com 10 dicas incr\u00edveis de itens que v\u00e3o salvar sua viagem!\",\"breadcrumb\":{\"@id\":\"https:\/\/webnasc.com\/eldorado\/checklist-do-verao-o-que-levar-na-mala\/#breadcrumb\"},\"inLanguage\":\"pt-BR\",\"potentialAction\":[{\"@type\":\"ReadAction\",\"target\":[\"https:\/\/webnasc.com\/eldorado\/checklist-do-verao-o-que-levar-na-mala\/\"]}]},{\"@type\":\"ImageObject\",\"inLanguage\":\"pt-BR\",\"@id\":\"https:\/\/webnasc.com\/eldorado\/checklist-do-verao-o-que-levar-na-mala\/#primaryimage\",\"url\":\"https:\/\/webnasc.com\/eldorado\/wp-content\/uploads\/2023\/02\/AdobeStock_386169714-scaled.jpeg\",\"contentUrl\":\"https:\/\/webnasc.com\/eldorado\/wp-content\/uploads\/2023\/02\/AdobeStock_386169714-scaled.jpeg\",\"width\":2560,\"height\":1707,\"caption\":\"checklist do ver\u00e3o\"},{\"@type\":\"BreadcrumbList\",\"@id\":\"https:\/\/webnasc.com\/eldorado\/checklist-do-verao-o-que-levar-na-mala\/#breadcrumb\",\"itemListElement\":[{\"@type\":\"ListItem\",\"position\":1,\"name\":\"Home\",\"item\":\"https:\/\/webnasc.com\/eldorado\/\"},{\"@type\":\"ListItem\",\"position\":2,\"name\":\"Checklist do ver\u00e3o: 10 itens que voc\u00ea n\u00e3o pode esquecer de colocar na mala e como escolh\u00ea-los&nbsp;\"}]},{\"@type\":\"WebSite\",\"@id\":\"https:\/\/webnasc.com\/eldorado\/#website\",\"url\":\"https:\/\/webnasc.com\/eldorado\/\",\"name\":\"Blog do Shopping Eldorado\",\"description\":\"O seu shopping favorito agora entrega na sua casa! Vem para o Shopping Eldorado Store\",\"potentialAction\":[{\"@type\":\"SearchAction\",\"target\":{\"@type\":\"EntryPoint\",\"urlTemplate\":\"https:\/\/webnasc.com\/eldorado\/?s={search_term_string}\"},\"query-input\":{\"@type\":\"PropertyValueSpecification\",\"valueRequired\":true,\"valueName\":\"search_term_string\"}}],\"inLanguage\":\"pt-BR\"},{\"@type\":\"Person\",\"@id\":\"https:\/\/webnasc.com\/eldorado\/#\/schema\/person\/19412b40961bb518fe08dac1c2cd064e\",\"name\":\"YfUiF46A\",\"image\":{\"@type\":\"ImageObject\",\"inLanguage\":\"pt-BR\",\"@id\":\"https:\/\/secure.gravatar.com\/avatar\/1f65e6f958ebe87fa4149c37609af9c2fae8b1a8127452c09565315b682b49bf?s=96&d=mm&r=g\",\"url\":\"https:\/\/secure.gravatar.com\/avatar\/1f65e6f958ebe87fa4149c37609af9c2fae8b1a8127452c09565315b682b49bf?s=96&d=mm&r=g\",\"contentUrl\":\"https:\/\/secure.gravatar.com\/avatar\/1f65e6f958ebe87fa4149c37609af9c2fae8b1a8127452c09565315b682b49bf?s=96&d=mm&r=g\",\"caption\":\"YfUiF46A\"},\"sameAs\":[\"https:\/\/webnasc.com\/eldorado\"],\"url\":\"https:\/\/webnasc.com\/eldorado\/author\/yfuif46a\/\"}]}<\/script>\n<!-- \/ Yoast SEO plugin. -->","yoast_head_json":{"title":"Checklist do ver\u00e3o: 10 itens que voc\u00ea n\u00e3o pode esquecer de colocar na mala e como escolh\u00ea-los&nbsp; - Blog do Shopping Eldorado","description":"Vai viajar e n\u00e3o quer esquecer nada para tr\u00e1s? Confira o Checklist de Ver\u00e3o com 10 dicas incr\u00edveis de itens que v\u00e3o salvar sua viagem!","robots":{"index":"index","follow":"follow","max-snippet":"max-snippet:-1","max-image-preview":"max-image-preview:large","max-video-preview":"max-video-preview:-1"},"canonical":"https:\/\/webnasc.com\/eldorado\/checklist-do-verao-o-que-levar-na-mala\/","og_locale":"pt_BR","og_type":"article","og_title":"Checklist do ver\u00e3o: 10 itens que voc\u00ea n\u00e3o pode esquecer de colocar na mala e como escolh\u00ea-los&nbsp; - Blog do Shopping Eldorado","og_description":"Vai viajar e n\u00e3o quer esquecer nada para tr\u00e1s? Confira o Checklist de Ver\u00e3o com 10 dicas incr\u00edveis de itens que v\u00e3o salvar sua viagem!","og_url":"https:\/\/webnasc.com\/eldorado\/checklist-do-verao-o-que-levar-na-mala\/","og_site_name":"Blog do Shopping Eldorado","article_published_time":"2023-02-02T22:25:09+00:00","article_modified_time":"2023-02-09T16:56:54+00:00","og_image":[{"width":2560,"height":1707,"url":"https:\/\/webnasc.com\/eldorado\/wp-content\/uploads\/2023\/02\/AdobeStock_386169714-scaled.jpeg","type":"image\/jpeg"}],"author":"YfUiF46A","twitter_card":"summary_large_image","twitter_misc":{"Escrito por":"YfUiF46A","Est. tempo de leitura":"10 minutos"},"schema":{"@context":"https:\/\/schema.org","@graph":[{"@type":"Article","@id":"https:\/\/webnasc.com\/eldorado\/checklist-do-verao-o-que-levar-na-mala\/#article","isPartOf":{"@id":"https:\/\/webnasc.com\/eldorado\/checklist-do-verao-o-que-levar-na-mala\/"},"author":{"name":"YfUiF46A","@id":"https:\/\/webnasc.com\/eldorado\/#\/schema\/person\/19412b40961bb518fe08dac1c2cd064e"},"headline":"Checklist do ver\u00e3o: 10 itens que voc\u00ea n\u00e3o pode esquecer de colocar na mala e como escolh\u00ea-los&nbsp;","datePublished":"2023-02-02T22:25:09+00:00","dateModified":"2023-02-09T16:56:54+00:00","mainEntityOfPage":{"@id":"https:\/\/webnasc.com\/eldorado\/checklist-do-verao-o-que-levar-na-mala\/"},"wordCount":1904,"commentCount":0,"image":{"@id":"https:\/\/webnasc.com\/eldorado\/checklist-do-verao-o-que-levar-na-mala\/#primaryimage"},"thumbnailUrl":"https:\/\/webnasc.com\/eldorado\/wp-content\/uploads\/2023\/02\/AdobeStock_386169714-scaled.jpeg","articleSection":["Lifestyle"],"inLanguage":"pt-BR","potentialAction":[{"@type":"CommentAction","name":"Comment","target":["https:\/\/webnasc.com\/eldorado\/checklist-do-verao-o-que-levar-na-mala\/#respond"]}]},{"@type":"WebPage","@id":"https:\/\/webnasc.com\/eldorado\/checklist-do-verao-o-que-levar-na-mala\/","url":"https:\/\/webnasc.com\/eldorado\/checklist-do-verao-o-que-levar-na-mala\/","name":"Checklist do ver\u00e3o: 10 itens que voc\u00ea n\u00e3o pode esquecer de colocar na mala e como escolh\u00ea-los&nbsp; - Blog do Shopping Eldorado","isPartOf":{"@id":"https:\/\/webnasc.com\/eldorado\/#website"},"primaryImageOfPage":{"@id":"https:\/\/webnasc.com\/eldorado\/checklist-do-verao-o-que-levar-na-mala\/#primaryimage"},"image":{"@id":"https:\/\/webnasc.com\/eldorado\/checklist-do-verao-o-que-levar-na-mala\/#primaryimage"},"thumbnailUrl":"https:\/\/webnasc.com\/eldorado\/wp-content\/uploads\/2023\/02\/AdobeStock_386169714-scaled.jpeg","datePublished":"2023-02-02T22:25:09+00:00","dateModified":"2023-02-09T16:56:54+00:00","author":{"@id":"https:\/\/webnasc.com\/eldorado\/#\/schema\/person\/19412b40961bb518fe08dac1c2cd064e"},"description":"Vai viajar e n\u00e3o quer esquecer nada para tr\u00e1s? Confira o Checklist de Ver\u00e3o com 10 dicas incr\u00edveis de itens que v\u00e3o salvar sua viagem!","breadcrumb":{"@id":"https:\/\/webnasc.com\/eldorado\/checklist-do-verao-o-que-levar-na-mala\/#breadcrumb"},"inLanguage":"pt-BR","potentialAction":[{"@type":"ReadAction","target":["https:\/\/webnasc.com\/eldorado\/checklist-do-verao-o-que-levar-na-mala\/"]}]},{"@type":"ImageObject","inLanguage":"pt-BR","@id":"https:\/\/webnasc.com\/eldorado\/checklist-do-verao-o-que-levar-na-mala\/#primaryimage","url":"https:\/\/webnasc.com\/eldorado\/wp-content\/uploads\/2023\/02\/AdobeStock_386169714-scaled.jpeg","contentUrl":"https:\/\/webnasc.com\/eldorado\/wp-content\/uploads\/2023\/02\/AdobeStock_386169714-scaled.jpeg","width":2560,"height":1707,"caption":"checklist do ver\u00e3o"},{"@type":"BreadcrumbList","@id":"https:\/\/webnasc.com\/eldorado\/checklist-do-verao-o-que-levar-na-mala\/#breadcrumb","itemListElement":[{"@type":"ListItem","position":1,"name":"Home","item":"https:\/\/webnasc.com\/eldorado\/"},{"@type":"ListItem","position":2,"name":"Checklist do ver\u00e3o: 10 itens que voc\u00ea n\u00e3o pode esquecer de colocar na mala e como escolh\u00ea-los&nbsp;"}]},{"@type":"WebSite","@id":"https:\/\/webnasc.com\/eldorado\/#website","url":"https:\/\/webnasc.com\/eldorado\/","name":"Blog do Shopping Eldorado","description":"O seu shopping favorito agora entrega na sua casa! Vem para o Shopping Eldorado Store","potentialAction":[{"@type":"SearchAction","target":{"@type":"EntryPoint","urlTemplate":"https:\/\/webnasc.com\/eldorado\/?s={search_term_string}"},"query-input":{"@type":"PropertyValueSpecification","valueRequired":true,"valueName":"search_term_string"}}],"inLanguage":"pt-BR"},{"@type":"Person","@id":"https:\/\/webnasc.com\/eldorado\/#\/schema\/person\/19412b40961bb518fe08dac1c2cd064e","name":"YfUiF46A","image":{"@type":"ImageObject","inLanguage":"pt-BR","@id":"https:\/\/secure.gravatar.com\/avatar\/1f65e6f958ebe87fa4149c37609af9c2fae8b1a8127452c09565315b682b49bf?s=96&d=mm&r=g","url":"https:\/\/secure.gravatar.com\/avatar\/1f65e6f958ebe87fa4149c37609af9c2fae8b1a8127452c09565315b682b49bf?s=96&d=mm&r=g","contentUrl":"https:\/\/secure.gravatar.com\/avatar\/1f65e6f958ebe87fa4149c37609af9c2fae8b1a8127452c09565315b682b49bf?s=96&d=mm&r=g","caption":"YfUiF46A"},"sameAs":["https:\/\/webnasc.com\/eldorado"],"url":"https:\/\/webnasc.com\/eldorado\/author\/yfuif46a\/"}]}},"_links":{"self":[{"href":"https:\/\/webnasc.com\/eldorado\/wp-json\/wp\/v2\/posts\/1773","targetHints":{"allow":["GET"]}}],"collection":[{"href":"https:\/\/webnasc.com\/eldorado\/wp-json\/wp\/v2\/posts"}],"about":[{"href":"https:\/\/webnasc.com\/eldorado\/wp-json\/wp\/v2\/types\/post"}],"author":[{"embeddable":true,"href":"https:\/\/webnasc.com\/eldorado\/wp-json\/wp\/v2\/users\/1"}],"replies":[{"embeddable":true,"href":"https:\/\/webnasc.com\/eldorado\/wp-json\/wp\/v2\/comments?post=1773"}],"version-history":[{"count":5,"href":"https:\/\/webnasc.com\/eldorado\/wp-json\/wp\/v2\/posts\/1773\/revisions"}],"predecessor-version":[{"id":1786,"href":"https:\/\/webnasc.com\/eldorado\/wp-json\/wp\/v2\/posts\/1773\/revisions\/1786"}],"wp:featuredmedia":[{"embeddable":true,"href":"https:\/\/webnasc.com\/eldorado\/wp-json\/wp\/v2\/media\/1774"}],"wp:attachment":[{"href":"https:\/\/webnasc.com\/eldorado\/wp-json\/wp\/v2\/media?parent=1773"}],"wp:term":[{"taxonomy":"category","embeddable":true,"href":"https:\/\/webnasc.com\/eldorado\/wp-json\/wp\/v2\/categories?post=1773"},{"taxonomy":"post_tag","embeddable":true,"href":"https:\/\/webnasc.com\/eldorado\/wp-json\/wp\/v2\/tags?post=1773"}],"curies":[{"name":"wp","href":"https:\/\/api.w.org\/{rel}","templated":true}]}}