{"id":2015,"date":"2023-09-08T09:41:22","date_gmt":"2023-09-08T12:41:22","guid":{"rendered":"https:\/\/blog.shoppingeldorado.com.br\/?p=2015"},"modified":"2023-09-08T09:41:23","modified_gmt":"2023-09-08T12:41:23","slug":"colecao-de-primavera","status":"publish","type":"post","link":"https:\/\/webnasc.com\/eldorado\/colecao-de-primavera\/","title":{"rendered":"Cole\u00e7\u00e3o de primavera: pe\u00e7as, cores, estampas e combina\u00e7\u00f5es que v\u00e3o bombar nessa esta\u00e7\u00e3o"},"content":{"rendered":"\n<p>Com a chegada da t\u00e3o aguardada esta\u00e7\u00e3o das flores, a ind\u00fastria da moda se prepara para apresentar suas deslumbrantes cria\u00e7\u00f5es na aclamada cole\u00e7\u00e3o de primavera. Essa temporada \u00e9 conhecida por trazer uma atmosfera de renova\u00e7\u00e3o e frescor, refletindo a beleza do despertar da natureza ap\u00f3s os dias frios do inverno.&nbsp;<\/p>\n\n\n\n<p>Nessa cole\u00e7\u00e3o, designers talentosos buscam inspira\u00e7\u00e3o na vibrante paleta de cores das flores, nos padr\u00f5es e texturas da fauna e na sensa\u00e7\u00e3o de leveza que permeia todo o ambiente primaveril. Com estilos variados e inovadores, a cole\u00e7\u00e3o de primavera promete encantar os amantes da moda e trazer uma dose de alegria e eleg\u00e2ncia aos guarda-roupas de todos.<\/p>\n\n\n\n<p>O in\u00edcio dessa \u00e9poca faz com que a moda se renove e traga consigo uma s\u00e9rie de tend\u00eancias encantadoras e vers\u00e1teis. \u00c9 hora de dizer adeus aos casacos pesados e dar as boas-vindas \u00e0s pe\u00e7as leves e fluidas que nos permitem sentir o frescor da esta\u00e7\u00e3o!<\/p>\n\n\n\n<p>As estampas florais, cl\u00e1ssicas da primavera, ganham destaque em vestidos, saias e blusas, trazendo um toque rom\u00e2ntico e feminino aos looks. Al\u00e9m disso, cores vivas e alegres assumem o protagonismo nas passarelas, como tons de lavanda, verde menta, rosa p\u00eassego e amarelo suave, proporcionando uma sensa\u00e7\u00e3o de otimismo e vivacidade. Os tecidos s\u00e3o escolhidos cuidadosamente, privilegiando os mais leves e arejados, como algod\u00e3o e seda, garantindo conforto e eleg\u00e2ncia em cada pe\u00e7a.<\/p>\n\n\n\n<p>Em suma, na esta\u00e7\u00e3o das flores, a moda se reinventa, trazendo consigo a magia em cada detalhe das cria\u00e7\u00f5es, permitindo que todos se expressem atrav\u00e9s de roupas encantadoras e cheias de personalidade.<\/p>\n\n\n\n<h2 class=\"wp-block-heading\">Pe\u00e7as-chave para arrasar na primavera<\/h2>\n\n\n\n<p>O in\u00edcio da esta\u00e7\u00e3o das flores \u00e9 o momento ideal para atualizar o guarda-roupa com pe\u00e7as-chave que ir\u00e3o tornar seu visual deslumbrante e perfeito para a primavera. Uma que \u00e9 indispens\u00e1vel \u00e9 o vestido floral, que combina perfeitamente com o clima alegre e rom\u00e2ntico da temporada. Outro item que n\u00e3o pode falta \u00e9 uma jaqueta jeans leve, uma \u00f3tima op\u00e7\u00e3o para dias frescos, agregando estilo e versatilidade a qualquer look.&nbsp;<\/p>\n\n\n\n<p>N\u00e3o podemos esquecer das blusas leves e coloridas, ideais para combinar com cal\u00e7as jeans ou saias, criando composi\u00e7\u00f5es descontra\u00eddas e charmosas. Outra pe\u00e7a essencial \u00e9 a saia midi, que proporciona eleg\u00e2ncia e movimento em um s\u00f3 item. Apostar em acess\u00f3rios como chap\u00e9us de aba larga, bolsas de palha e \u00f3culos de sol modernos tamb\u00e9m \u00e9 uma forma de elevar seu estilo na primavera. Com essas pe\u00e7as-chave em m\u00e3os, voc\u00ea estar\u00e1 pronta para arrasar em todas as ocasi\u00f5es nessa esta\u00e7\u00e3o encantadora!<\/p>\n\n\n\n<h2 class=\"wp-block-heading\">Tend\u00eancias de roupas para a esta\u00e7\u00e3o<\/h2>\n\n\n\n<figure class=\"wp-block-image size-full\"><img fetchpriority=\"high\" decoding=\"async\" width=\"740\" height=\"493\" src=\"https:\/\/blog.shoppingeldorado.com.br\/wp-content\/uploads\/2023\/09\/primavera.jpg\" alt=\"Cole\u00e7\u00e3o de primavera\" class=\"wp-image-2016\" srcset=\"https:\/\/webnasc.com\/eldorado\/wp-content\/uploads\/2023\/09\/primavera.jpg 740w, https:\/\/webnasc.com\/eldorado\/wp-content\/uploads\/2023\/09\/primavera-300x200.jpg 300w, https:\/\/webnasc.com\/eldorado\/wp-content\/uploads\/2023\/09\/primavera-585x390.jpg 585w, https:\/\/webnasc.com\/eldorado\/wp-content\/uploads\/2023\/09\/primavera-263x175.jpg 263w\" sizes=\"(max-width: 740px) 100vw, 740px\" \/><\/figure>\n\n\n\n<p>A primavera \u00e9 uma \u00e9poca de renova\u00e7\u00e3o, e as tend\u00eancias de moda para esta esta\u00e7\u00e3o refletem perfeitamente esse esp\u00edrito. Uma das principais s\u00e3o os conjuntos matching, compostos por blusas e shorts ou saias com o mesmo padr\u00e3o e tecido, proporcionando uma apar\u00eancia sofisticada e moderna. Os tons pastel est\u00e3o em alta, trazendo suavidade e delicadeza aos looks. As mangas bufantes continuam em destaque, acrescentando um toque rom\u00e2ntico e dram\u00e1tico \u00e0s blusas e vestidos.&nbsp;<\/p>\n\n\n\n<p>O estilo esportivo tamb\u00e9m marca presen\u00e7a, com pe\u00e7as inspiradas no universo do sportswear, combinando conforto e muita presen\u00e7a. Outra tend\u00eancia \u00e9 o retorno das estampas tropicais e geom\u00e9tricas, que trazem um ar divertido e exuberante \u00e0s roupas.&nbsp;<\/p>\n\n\n\n<p>Para finalizar, os detalhes em renda e croch\u00ea adicionam um toque artesanal e charmoso aos looks primaveris. A esta\u00e7\u00e3o est\u00e1 repleta de op\u00e7\u00f5es para todos os gostos e estilos, permitindo que voc\u00ea se destaque com as \u00faltimas tend\u00eancias da moda.<\/p>\n\n\n\n<h3 class=\"wp-block-heading\">Acess\u00f3rios para complementar seu visual &#8211; cole\u00e7\u00e3o primavera<\/h3>\n\n\n\n<p>Nada transforma um look com tanta facilidade quanto os acess\u00f3rios certos, e na primavera, essa afirma\u00e7\u00e3o ganha ainda mais relev\u00e2ncia. Esses itens t\u00eam o poder de complementar e dar o toque final perfeito ao seu visual, tornando-o \u00fanico e cheio de estilo.&nbsp;<\/p>\n\n\n\n<p>Um dos mais vers\u00e1teis e populares nessa esta\u00e7\u00e3o s\u00e3o os len\u00e7os e echarpes coloridos, que podem ser usados no pesco\u00e7o, cabelo ou amarrados \u00e0 bolsa, agregando charme e personalidade. Os \u00f3culos de sol s\u00e3o indispens\u00e1veis para proteger os olhos e adicionar um toque sofisticado ao visual. J\u00e1 os brincos statement e pulseiras delicadas s\u00e3o \u00f3timas escolhas para dar um toque de eleg\u00e2ncia e brilho \u00e0 composi\u00e7\u00e3o.&nbsp;<\/p>\n\n\n\n<p>N\u00e3o podemos esquecer dos cintos, que al\u00e9m de marcar a cintura, acrescentam um toque de estilo ao look. Na primavera, a criatividade e a experimenta\u00e7\u00e3o s\u00e3o muito bem-vindas, permitindo que voc\u00ea se destaque com acess\u00f3rios que refletem sua personalidade e expressam seu estilo \u00fanico.<\/p>\n\n\n\n<p>A primavera \u00e9 uma esta\u00e7\u00e3o que celebra a delicadeza e beleza da natureza, e os detalhes nas roupas e acess\u00f3rios desempenham um papel essencial nessa atmosfera encantadora. Os bordados florais s\u00e3o uma tend\u00eancia que ganha destaque nessa esta\u00e7\u00e3o, trazendo um toque rom\u00e2ntico e artesanal \u00e0s pe\u00e7as.&nbsp;<\/p>\n\n\n\n<p>Os la\u00e7os e amarra\u00e7\u00f5es tamb\u00e9m s\u00e3o detalhes charmosos que aparecem em blusas, vestidos e sapatos, adicionando um toque feminino e encantador ao visual. Detalhes em renda e croch\u00ea s\u00e3o escolhas perfeitas para adicionar textura e eleg\u00e2ncia \u00e0s roupas, criando um visual leve e sofisticado. Al\u00e9m disso, bot\u00f5es diferenciados, p\u00e9rolas e pedrarias s\u00e3o elementos que enriquecem as pe\u00e7as e tornam o look ainda mais especial.&nbsp;<\/p>\n\n\n\n<p>Esses detalhes cuidadosamente inseridos nas roupas e acess\u00f3rios fazem toda a diferen\u00e7a na cole\u00e7\u00e3o primavera, permitindo que voc\u00ea se destaque com uma apar\u00eancia delicada e cheia de encanto.<\/p>\n\n\n\n<h2 class=\"wp-block-heading\">Maquiagem e cores para abrilhantar o visual<\/h2>\n\n\n\n<figure class=\"wp-block-image size-full\"><img decoding=\"async\" width=\"676\" height=\"456\" src=\"https:\/\/blog.shoppingeldorado.com.br\/wp-content\/uploads\/2023\/09\/Captura-de-tela-2023-09-08-091145.png\" alt=\"Cole\u00e7\u00e3o de Primavera\" class=\"wp-image-2017\" srcset=\"https:\/\/webnasc.com\/eldorado\/wp-content\/uploads\/2023\/09\/Captura-de-tela-2023-09-08-091145.png 676w, https:\/\/webnasc.com\/eldorado\/wp-content\/uploads\/2023\/09\/Captura-de-tela-2023-09-08-091145-300x202.png 300w, https:\/\/webnasc.com\/eldorado\/wp-content\/uploads\/2023\/09\/Captura-de-tela-2023-09-08-091145-585x395.png 585w\" sizes=\"(max-width: 676px) 100vw, 676px\" \/><\/figure>\n\n\n\n<p>\u00c9 hora de atualizar sua maquiagem e dar destaque \u00e0s cores que refletem o frescor e a beleza da esta\u00e7\u00e3o das flores! Uma das tend\u00eancias de beleza para combinar perfeitamente com a primavera \u00e9 apostar em tons suaves e alegres nos olhos, como lavanda, verde menta e rosa-claro. Essas cores trazem uma sensa\u00e7\u00e3o de leveza e delicadeza, combinando harmoniosamente com o esp\u00edrito da esta\u00e7\u00e3o.&nbsp;<\/p>\n\n\n\n<p>Nos l\u00e1bios, tons de p\u00eassego, coral e rosa s\u00e3o \u00f3timas escolhas para real\u00e7ar o sorriso e deixar a maquiagem ainda mais radiante. N\u00e3o podemos esquecer do iluminador, que \u00e9 um aliado essencial para criar um brilho natural e saud\u00e1vel na pele.&nbsp;<\/p>\n\n\n\n<p>Ao incorporar essas cores e t\u00e9cnicas \u00e0 sua maquiagem, voc\u00ea estar\u00e1 pronta para exibir um visual encantador e primaveril em todas as ocasi\u00f5es.<\/p>\n\n\n\n<p>A make na primavera deve refletir a leveza e o frescor da esta\u00e7\u00e3o, e para obter um visual radiante, algumas dicas s\u00e3o essenciais. Primeiramente, \u00e9 importante preparar bem a pele, mantendo-a hidratada com um bom creme facial e aplicando um primer para garantir uma base uniforme. Opte por uma base de cobertura leve ou BB cream, que deixe a pele respirar e realce sua beleza natural. Use um corretivo apenas onde for necess\u00e1rio, para disfar\u00e7ar olheiras ou pequenas imperfei\u00e7\u00f5es.&nbsp;<\/p>\n\n\n\n<p>Seguindo essas dicas, sua maquiagem na primavera estar\u00e1 leve, luminosa e perfeita para aproveitar toda a beleza da esta\u00e7\u00e3o.<\/p>\n\n\n\n<h2 class=\"wp-block-heading\">Celebre a primavera com estilo!<\/h2>\n\n\n\n<p>Nesta primavera, a palavra-chave \u00e9 experimentar! Divirta-se com a moda, ouse nas combina\u00e7\u00f5es e descubra seu estilo \u00fanico. Aproveite toda a magia e encanto que a esta\u00e7\u00e3o das flores oferece, e celebre-a com estilo, mostrando ao mundo toda a sua eleg\u00e2ncia e autenticidade. Seja voc\u00ea mesma e deixe a moda ser uma forma de expressar toda a sua ess\u00eancia.<\/p>\n\n\n\n<p>\u00a0Com a moda, n\u00e3o existem regras r\u00edgidas, apenas a liberdade de criar, inovar e se sentir maravilhosa em cada detalhe. Aproveite a esta\u00e7\u00e3o e desfrute da beleza que a cole\u00e7\u00e3o primavera traz para a sua vida!<\/p>\n","protected":false},"excerpt":{"rendered":"<p>Com a chegada da t\u00e3o aguardada esta\u00e7\u00e3o das flores, a ind\u00fastria da moda se prepara para apresentar suas deslumbrantes cria\u00e7\u00f5es na aclamada cole\u00e7\u00e3o de primavera. Essa temporada \u00e9 conhecida por trazer uma atmosfera de renova\u00e7\u00e3o e frescor, refletindo a beleza do despertar da natureza ap\u00f3s os dias frios do inverno.&nbsp; Nessa cole\u00e7\u00e3o, designers talentosos buscam [&hellip;]<\/p>\n","protected":false},"author":2,"featured_media":2018,"comment_status":"open","ping_status":"open","sticky":false,"template":"","format":"standard","meta":{"footnotes":""},"categories":[7],"tags":[],"class_list":["post-2015","post","type-post","status-publish","format-standard","has-post-thumbnail","hentry","category-moda"],"yoast_head":"<!-- This site is optimized with the Yoast SEO plugin v27.2 - https:\/\/yoast.com\/product\/yoast-seo-wordpress\/ -->\n<title>Cole\u00e7\u00e3o de primavera: pe\u00e7as, cores, estampas que v\u00e3o bombar!<\/title>\n<meta name=\"description\" content=\"A esta\u00e7\u00e3o das flores e das cores chegou! Aproveite para conhecer a nossa cole\u00e7\u00e3o de primavera e tudo que ela tem a oferecer!\" \/>\n<meta name=\"robots\" content=\"index, follow, max-snippet:-1, max-image-preview:large, max-video-preview:-1\" \/>\n<link rel=\"canonical\" href=\"https:\/\/webnasc.com\/eldorado\/colecao-de-primavera\/\" \/>\n<meta property=\"og:locale\" content=\"pt_BR\" \/>\n<meta property=\"og:type\" content=\"article\" \/>\n<meta property=\"og:title\" content=\"Cole\u00e7\u00e3o de primavera: pe\u00e7as, cores, estampas que v\u00e3o bombar!\" \/>\n<meta property=\"og:description\" content=\"A esta\u00e7\u00e3o das flores e das cores chegou! Aproveite para conhecer a nossa cole\u00e7\u00e3o de primavera e tudo que ela tem a oferecer!\" \/>\n<meta property=\"og:url\" content=\"https:\/\/webnasc.com\/eldorado\/colecao-de-primavera\/\" \/>\n<meta property=\"og:site_name\" content=\"Blog do Shopping Eldorado\" \/>\n<meta property=\"article:published_time\" content=\"2023-09-08T12:41:22+00:00\" \/>\n<meta property=\"article:modified_time\" content=\"2023-09-08T12:41:23+00:00\" \/>\n<meta property=\"og:image\" content=\"https:\/\/webnasc.com\/eldorado\/wp-content\/uploads\/2023\/09\/Captura-de-tela-2023-09-08-091405.png\" \/>\n\t<meta property=\"og:image:width\" content=\"678\" \/>\n\t<meta property=\"og:image:height\" content=\"456\" \/>\n\t<meta property=\"og:image:type\" content=\"image\/png\" \/>\n<meta name=\"twitter:card\" content=\"summary_large_image\" \/>\n<meta name=\"twitter:label1\" content=\"Escrito por\" \/>\n\t<meta name=\"twitter:data1\" content=\"\" \/>\n\t<meta name=\"twitter:label2\" content=\"Est. tempo de leitura\" \/>\n\t<meta name=\"twitter:data2\" content=\"8 minutos\" \/>\n<script type=\"application\/ld+json\" class=\"yoast-schema-graph\">{\"@context\":\"https:\/\/schema.org\",\"@graph\":[{\"@type\":\"Article\",\"@id\":\"https:\/\/webnasc.com\/eldorado\/colecao-de-primavera\/#article\",\"isPartOf\":{\"@id\":\"https:\/\/webnasc.com\/eldorado\/colecao-de-primavera\/\"},\"author\":{\"name\":\"\",\"@id\":\"\"},\"headline\":\"Cole\u00e7\u00e3o de primavera: pe\u00e7as, cores, estampas e combina\u00e7\u00f5es que v\u00e3o bombar nessa esta\u00e7\u00e3o\",\"datePublished\":\"2023-09-08T12:41:22+00:00\",\"dateModified\":\"2023-09-08T12:41:23+00:00\",\"mainEntityOfPage\":{\"@id\":\"https:\/\/webnasc.com\/eldorado\/colecao-de-primavera\/\"},\"wordCount\":1353,\"commentCount\":0,\"image\":{\"@id\":\"https:\/\/webnasc.com\/eldorado\/colecao-de-primavera\/#primaryimage\"},\"thumbnailUrl\":\"https:\/\/webnasc.com\/eldorado\/wp-content\/uploads\/2023\/09\/Captura-de-tela-2023-09-08-091405.png\",\"articleSection\":[\"Moda\"],\"inLanguage\":\"pt-BR\",\"potentialAction\":[{\"@type\":\"CommentAction\",\"name\":\"Comment\",\"target\":[\"https:\/\/webnasc.com\/eldorado\/colecao-de-primavera\/#respond\"]}]},{\"@type\":\"WebPage\",\"@id\":\"https:\/\/webnasc.com\/eldorado\/colecao-de-primavera\/\",\"url\":\"https:\/\/webnasc.com\/eldorado\/colecao-de-primavera\/\",\"name\":\"Cole\u00e7\u00e3o de primavera: pe\u00e7as, cores, estampas que v\u00e3o bombar!\",\"isPartOf\":{\"@id\":\"https:\/\/webnasc.com\/eldorado\/#website\"},\"primaryImageOfPage\":{\"@id\":\"https:\/\/webnasc.com\/eldorado\/colecao-de-primavera\/#primaryimage\"},\"image\":{\"@id\":\"https:\/\/webnasc.com\/eldorado\/colecao-de-primavera\/#primaryimage\"},\"thumbnailUrl\":\"https:\/\/webnasc.com\/eldorado\/wp-content\/uploads\/2023\/09\/Captura-de-tela-2023-09-08-091405.png\",\"datePublished\":\"2023-09-08T12:41:22+00:00\",\"dateModified\":\"2023-09-08T12:41:23+00:00\",\"author\":{\"@id\":\"\"},\"description\":\"A esta\u00e7\u00e3o das flores e das cores chegou! Aproveite para conhecer a nossa cole\u00e7\u00e3o de primavera e tudo que ela tem a oferecer!\",\"breadcrumb\":{\"@id\":\"https:\/\/webnasc.com\/eldorado\/colecao-de-primavera\/#breadcrumb\"},\"inLanguage\":\"pt-BR\",\"potentialAction\":[{\"@type\":\"ReadAction\",\"target\":[\"https:\/\/webnasc.com\/eldorado\/colecao-de-primavera\/\"]}]},{\"@type\":\"ImageObject\",\"inLanguage\":\"pt-BR\",\"@id\":\"https:\/\/webnasc.com\/eldorado\/colecao-de-primavera\/#primaryimage\",\"url\":\"https:\/\/webnasc.com\/eldorado\/wp-content\/uploads\/2023\/09\/Captura-de-tela-2023-09-08-091405.png\",\"contentUrl\":\"https:\/\/webnasc.com\/eldorado\/wp-content\/uploads\/2023\/09\/Captura-de-tela-2023-09-08-091405.png\",\"width\":678,\"height\":456,\"caption\":\"Cole\u00e7\u00e3o de Primavera\"},{\"@type\":\"BreadcrumbList\",\"@id\":\"https:\/\/webnasc.com\/eldorado\/colecao-de-primavera\/#breadcrumb\",\"itemListElement\":[{\"@type\":\"ListItem\",\"position\":1,\"name\":\"Home\",\"item\":\"https:\/\/webnasc.com\/eldorado\/\"},{\"@type\":\"ListItem\",\"position\":2,\"name\":\"Cole\u00e7\u00e3o de primavera: pe\u00e7as, cores, estampas e combina\u00e7\u00f5es que v\u00e3o bombar nessa esta\u00e7\u00e3o\"}]},{\"@type\":\"WebSite\",\"@id\":\"https:\/\/webnasc.com\/eldorado\/#website\",\"url\":\"https:\/\/webnasc.com\/eldorado\/\",\"name\":\"Blog do Shopping Eldorado\",\"description\":\"O seu shopping favorito agora entrega na sua casa! Vem para o Shopping Eldorado Store\",\"potentialAction\":[{\"@type\":\"SearchAction\",\"target\":{\"@type\":\"EntryPoint\",\"urlTemplate\":\"https:\/\/webnasc.com\/eldorado\/?s={search_term_string}\"},\"query-input\":{\"@type\":\"PropertyValueSpecification\",\"valueRequired\":true,\"valueName\":\"search_term_string\"}}],\"inLanguage\":\"pt-BR\"},{\"@type\":\"Person\",\"@id\":\"\",\"url\":\"https:\/\/webnasc.com\/eldorado\/author\/\"}]}<\/script>\n<!-- \/ Yoast SEO plugin. -->","yoast_head_json":{"title":"Cole\u00e7\u00e3o de primavera: pe\u00e7as, cores, estampas que v\u00e3o bombar!","description":"A esta\u00e7\u00e3o das flores e das cores chegou! Aproveite para conhecer a nossa cole\u00e7\u00e3o de primavera e tudo que ela tem a oferecer!","robots":{"index":"index","follow":"follow","max-snippet":"max-snippet:-1","max-image-preview":"max-image-preview:large","max-video-preview":"max-video-preview:-1"},"canonical":"https:\/\/webnasc.com\/eldorado\/colecao-de-primavera\/","og_locale":"pt_BR","og_type":"article","og_title":"Cole\u00e7\u00e3o de primavera: pe\u00e7as, cores, estampas que v\u00e3o bombar!","og_description":"A esta\u00e7\u00e3o das flores e das cores chegou! Aproveite para conhecer a nossa cole\u00e7\u00e3o de primavera e tudo que ela tem a oferecer!","og_url":"https:\/\/webnasc.com\/eldorado\/colecao-de-primavera\/","og_site_name":"Blog do Shopping Eldorado","article_published_time":"2023-09-08T12:41:22+00:00","article_modified_time":"2023-09-08T12:41:23+00:00","og_image":[{"width":678,"height":456,"url":"https:\/\/webnasc.com\/eldorado\/wp-content\/uploads\/2023\/09\/Captura-de-tela-2023-09-08-091405.png","type":"image\/png"}],"twitter_card":"summary_large_image","twitter_misc":{"Escrito por":"","Est. tempo de leitura":"8 minutos"},"schema":{"@context":"https:\/\/schema.org","@graph":[{"@type":"Article","@id":"https:\/\/webnasc.com\/eldorado\/colecao-de-primavera\/#article","isPartOf":{"@id":"https:\/\/webnasc.com\/eldorado\/colecao-de-primavera\/"},"author":{"name":"","@id":""},"headline":"Cole\u00e7\u00e3o de primavera: pe\u00e7as, cores, estampas e combina\u00e7\u00f5es que v\u00e3o bombar nessa esta\u00e7\u00e3o","datePublished":"2023-09-08T12:41:22+00:00","dateModified":"2023-09-08T12:41:23+00:00","mainEntityOfPage":{"@id":"https:\/\/webnasc.com\/eldorado\/colecao-de-primavera\/"},"wordCount":1353,"commentCount":0,"image":{"@id":"https:\/\/webnasc.com\/eldorado\/colecao-de-primavera\/#primaryimage"},"thumbnailUrl":"https:\/\/webnasc.com\/eldorado\/wp-content\/uploads\/2023\/09\/Captura-de-tela-2023-09-08-091405.png","articleSection":["Moda"],"inLanguage":"pt-BR","potentialAction":[{"@type":"CommentAction","name":"Comment","target":["https:\/\/webnasc.com\/eldorado\/colecao-de-primavera\/#respond"]}]},{"@type":"WebPage","@id":"https:\/\/webnasc.com\/eldorado\/colecao-de-primavera\/","url":"https:\/\/webnasc.com\/eldorado\/colecao-de-primavera\/","name":"Cole\u00e7\u00e3o de primavera: pe\u00e7as, cores, estampas que v\u00e3o bombar!","isPartOf":{"@id":"https:\/\/webnasc.com\/eldorado\/#website"},"primaryImageOfPage":{"@id":"https:\/\/webnasc.com\/eldorado\/colecao-de-primavera\/#primaryimage"},"image":{"@id":"https:\/\/webnasc.com\/eldorado\/colecao-de-primavera\/#primaryimage"},"thumbnailUrl":"https:\/\/webnasc.com\/eldorado\/wp-content\/uploads\/2023\/09\/Captura-de-tela-2023-09-08-091405.png","datePublished":"2023-09-08T12:41:22+00:00","dateModified":"2023-09-08T12:41:23+00:00","author":{"@id":""},"description":"A esta\u00e7\u00e3o das flores e das cores chegou! Aproveite para conhecer a nossa cole\u00e7\u00e3o de primavera e tudo que ela tem a oferecer!","breadcrumb":{"@id":"https:\/\/webnasc.com\/eldorado\/colecao-de-primavera\/#breadcrumb"},"inLanguage":"pt-BR","potentialAction":[{"@type":"ReadAction","target":["https:\/\/webnasc.com\/eldorado\/colecao-de-primavera\/"]}]},{"@type":"ImageObject","inLanguage":"pt-BR","@id":"https:\/\/webnasc.com\/eldorado\/colecao-de-primavera\/#primaryimage","url":"https:\/\/webnasc.com\/eldorado\/wp-content\/uploads\/2023\/09\/Captura-de-tela-2023-09-08-091405.png","contentUrl":"https:\/\/webnasc.com\/eldorado\/wp-content\/uploads\/2023\/09\/Captura-de-tela-2023-09-08-091405.png","width":678,"height":456,"caption":"Cole\u00e7\u00e3o de Primavera"},{"@type":"BreadcrumbList","@id":"https:\/\/webnasc.com\/eldorado\/colecao-de-primavera\/#breadcrumb","itemListElement":[{"@type":"ListItem","position":1,"name":"Home","item":"https:\/\/webnasc.com\/eldorado\/"},{"@type":"ListItem","position":2,"name":"Cole\u00e7\u00e3o de primavera: pe\u00e7as, cores, estampas e combina\u00e7\u00f5es que v\u00e3o bombar nessa esta\u00e7\u00e3o"}]},{"@type":"WebSite","@id":"https:\/\/webnasc.com\/eldorado\/#website","url":"https:\/\/webnasc.com\/eldorado\/","name":"Blog do Shopping Eldorado","description":"O seu shopping favorito agora entrega na sua casa! Vem para o Shopping Eldorado Store","potentialAction":[{"@type":"SearchAction","target":{"@type":"EntryPoint","urlTemplate":"https:\/\/webnasc.com\/eldorado\/?s={search_term_string}"},"query-input":{"@type":"PropertyValueSpecification","valueRequired":true,"valueName":"search_term_string"}}],"inLanguage":"pt-BR"},{"@type":"Person","@id":"","url":"https:\/\/webnasc.com\/eldorado\/author\/"}]}},"_links":{"self":[{"href":"https:\/\/webnasc.com\/eldorado\/wp-json\/wp\/v2\/posts\/2015","targetHints":{"allow":["GET"]}}],"collection":[{"href":"https:\/\/webnasc.com\/eldorado\/wp-json\/wp\/v2\/posts"}],"about":[{"href":"https:\/\/webnasc.com\/eldorado\/wp-json\/wp\/v2\/types\/post"}],"author":[{"embeddable":true,"href":"https:\/\/webnasc.com\/eldorado\/wp-json\/wp\/v2\/users\/2"}],"replies":[{"embeddable":true,"href":"https:\/\/webnasc.com\/eldorado\/wp-json\/wp\/v2\/comments?post=2015"}],"version-history":[{"count":1,"href":"https:\/\/webnasc.com\/eldorado\/wp-json\/wp\/v2\/posts\/2015\/revisions"}],"predecessor-version":[{"id":2019,"href":"https:\/\/webnasc.com\/eldorado\/wp-json\/wp\/v2\/posts\/2015\/revisions\/2019"}],"wp:featuredmedia":[{"embeddable":true,"href":"https:\/\/webnasc.com\/eldorado\/wp-json\/wp\/v2\/media\/2018"}],"wp:attachment":[{"href":"https:\/\/webnasc.com\/eldorado\/wp-json\/wp\/v2\/media?parent=2015"}],"wp:term":[{"taxonomy":"category","embeddable":true,"href":"https:\/\/webnasc.com\/eldorado\/wp-json\/wp\/v2\/categories?post=2015"},{"taxonomy":"post_tag","embeddable":true,"href":"https:\/\/webnasc.com\/eldorado\/wp-json\/wp\/v2\/tags?post=2015"}],"curies":[{"name":"wp","href":"https:\/\/api.w.org\/{rel}","templated":true}]}}