{"id":2108,"date":"2024-01-23T14:31:42","date_gmt":"2024-01-23T17:31:42","guid":{"rendered":"https:\/\/blog.shoppingeldorado.com.br\/?p=2108"},"modified":"2024-01-23T14:31:42","modified_gmt":"2024-01-23T17:31:42","slug":"agendar-o-corte-de-cabelo-online-corte-kids","status":"publish","type":"post","link":"https:\/\/webnasc.com\/eldorado\/agendar-o-corte-de-cabelo-online-corte-kids\/","title":{"rendered":"J\u00e1 pensou em agendar o corte de cabelo do seu filho online? Com o Corte Kids \u00e9 poss\u00edvel!"},"content":{"rendered":"\n<p>Sabemos que a vida dos pais \u00e9 corrida, afinal, entre a escola, atividades extracurriculares e brincadeiras, n\u00e3o h\u00e1 horas suficientes no dia para organizar a vida das crian\u00e7as.&nbsp; Agora, imagine se fosse poss\u00edvel agendar o corte de cabelo do seu filho de forma online? Com o Corte Kids do Shopping Eldorado isso \u00e9 uma realidade! Continue lendo para saber mais.&nbsp;<\/p>\n\n\n\n<h2 class=\"wp-block-heading\">Sobre o Corte Kids<\/h2>\n\n\n\n<p>O <a href=\"https:\/\/www.shoppingeldorado.com.br\/loja\/eldcortekids\/1?utm_source=Blog&amp;utm_id=J%C3%A1+pensou+em+agendar+o+corte+de+cabelo+do+seu+filho+online\">Corte Kids<\/a> do Shopping Eldorado \u00e9 especializado em atendimento infantil, com profissionais experientes, pacientes e bem treinados, que est\u00e3o prontos para atender desde o primeiro corte de cabelo de beb\u00ea at\u00e9 o mais elaborado penteado infantil.<\/p>\n\n\n\n<p>A garotada \u00e9 muito bem recepcionada e pode escolher entre cortar o cabelo jogando videogame ou assistindo desenhos.<\/p>\n\n\n\n<p>Como diferencial, os beb\u00eas levam pra casa um diplominha \u2013 super fofo \u2013 para marcar a data do primeiro corte de cabelo da vida.<\/p>\n\n\n\n<p>No Corte Kids voc\u00ea pode contar sempre com o melhor e mais seguro servi\u00e7o para seus filhos.&nbsp;<\/p>\n\n\n\n<h2 class=\"wp-block-heading\">Servi\u00e7os especiais do Corte Kids<\/h2>\n\n\n\n<p>Dentre os tantos servi\u00e7os prestados, o Corte Kids se destaca em corte de cabelo infantil, corte de cabelo de beb\u00ea e penteado infantil.&nbsp;<\/p>\n\n\n\n<p>Para qualquer um desses servi\u00e7os, voc\u00ea faz o agendamento online, diretamente pelo site do <a href=\"https:\/\/www.shoppingeldorado.com.br\/loja\/eldcortekids\/1?utm_source=Blog&amp;utm_id=J%C3%A1+pensou+em+agendar+o+corte+de+cabelo+do+seu+filho+online\">Shopping Eldorado Store<\/a> de forma simples e r\u00e1pida.&nbsp;<\/p>\n\n\n\n<h3 class=\"wp-block-heading\">Corte de cabelo infantil feminino<\/h3>\n\n\n\n<p>Aqui est\u00e3o algumas ideias de corte de cabelo infantil feminino para se inspirar e mostrar aos profissionais do Corte Kids:&nbsp;<\/p>\n\n\n\n<ul class=\"wp-block-list\">\n<li>Bob alongado;<\/li>\n\n\n\n<li>Franja curta e desconectada;<\/li>\n\n\n\n<li>Chanel de bico.<\/li>\n<\/ul>\n\n\n\n<h3 class=\"wp-block-heading\">Corte de cabelo infantil masculino<\/h3>\n\n\n\n<p>As op\u00e7\u00f5es de corte de cabelo infantil masculino s\u00e3o muito boas tamb\u00e9m:&nbsp;<\/p>\n\n\n\n<ul class=\"wp-block-list\">\n<li>Corte moicano;<\/li>\n\n\n\n<li>Corte Caesar;<\/li>\n\n\n\n<li>Baixo infantil cl\u00e1ssico com parte lateral.<\/li>\n<\/ul>\n\n\n\n<h2 class=\"wp-block-heading\">Cuidados importantes com o cabelo das crian\u00e7as<\/h2>\n\n\n\n<p>Para manter a beleza e a sa\u00fade do cabelo do seu filho, ap\u00f3s passar no Corte Kids, voc\u00ea tamb\u00e9m deve seguir alguns cuidados em casa.&nbsp;<\/p>\n\n\n\n<h3 class=\"wp-block-heading\">1 &#8211; Frequ\u00eancia de lavagens<\/h3>\n\n\n\n<p>Apesar de as crian\u00e7as serem mais agitadas e suarem mais, \u00e9 de extrema import\u00e2ncia ter cuidado e aten\u00e7\u00e3o com a frequ\u00eancia das lavagens para n\u00e3o ressecar os cabelos, principalmente para os cacheados e crespos.&nbsp;<\/p>\n\n\n\n<p>Afinal de contas, esse tipo de cabelo possui maior tend\u00eancia ao ressecamento e precisa ser lavado com menos frequ\u00eancia \u2013 a cada dois dias j\u00e1 \u00e9 o suficiente.<\/p>\n\n\n\n<p>J\u00e1 os lisos e oleosos podem ser lavados mais vezes na semana, principalmente se a crian\u00e7a tiver o h\u00e1bito de correr e suar bastante.<\/p>\n\n\n\n<h3 class=\"wp-block-heading\">2 &#8211; Evite penteados muito apertados<\/h3>\n\n\n\n<p>Voc\u00ea sabia que as tran\u00e7as, rabos de cavalo e outros penteados muito apertados podem afetar o couro cabeludo? Sim! Al\u00e9m disso, fragiliza os fios e incomoda muito, gerando at\u00e9 dores de cabe\u00e7a desnecess\u00e1rias.<\/p>\n\n\n\n<p>Portanto, caso a crian\u00e7a questione ou tente puxar para \u201csoltar\u201d um pouco, ajude-a imediatamente!<\/p>\n\n\n\n<h3 class=\"wp-block-heading\">3 &#8211; Aten\u00e7\u00e3o \u00e0s fontes de calor<\/h3>\n\n\n\n<p>Se fontes de calor \u2013 como secadores, chapinhas e babyliss \u2013 j\u00e1 s\u00e3o prejudiciais para os cabelos de adultos, ent\u00e3o, imagine s\u00f3 o estrago que faz no cabelo infantil.&nbsp;<\/p>\n\n\n\n<p>Dessa forma, no caso das crian\u00e7as, deixar secar naturalmente \u00e9 a melhor escolha! O uso do secador de cabelo s\u00f3 \u00e9 indicado nos dias frios, desde que se mantenha a uma dist\u00e2ncia segura de 30 cent\u00edmetros.<\/p>\n\n\n\n<h3 class=\"wp-block-heading\">4 &#8211; Penteie os cabelos ainda molhados<\/h3>\n\n\n\n<p>Pentear os cabelos secos potencializa a quebra dos fios. Por isso, voc\u00ea deve fazer exatamente o oposto, aproveitando para desembara\u00e7\u00e1-los enquanto estiverem com cremes condicionantes ou ap\u00f3s o banho.<\/p>\n\n\n\n<p>Utilize um pente largo e penteie do meio para as pontas, ao inv\u00e9s de come\u00e7ar pela raiz. Isso evita quebra, frizz e at\u00e9 queda.<\/p>\n\n\n\n<h3 class=\"wp-block-heading\">5 &#8211; Esque\u00e7a a ideia de dormir com os cabelos molhados<\/h3>\n\n\n\n<p>Dormir com os cabelos \u00famidos torna prop\u00edcio o ac\u00famulo de bact\u00e9rias e fungos no couro cabeludo, podendo gerar diferentes doen\u00e7as como seborreia e caspa.<\/p>\n\n\n\n<p>O mais indicado \u00e9 lavar o cabelo de manh\u00e3 e sempre se certificar de que esteja seco antes de a crian\u00e7a ir dormir.<\/p>\n\n\n\n<h3 class=\"wp-block-heading\">6 &#8211; Use produtos pr\u00f3prios para cabelo infantil<\/h3>\n\n\n\n<p>Lembra quando falamos para dar aten\u00e7\u00e3o aos diferentes tipos de cabelo? Pois bem, nas crian\u00e7as pequenas, os produtos infantis s\u00e3o a melhor indica\u00e7\u00e3o, pois possuem f\u00f3rmulas mais leves que evitam alergias no couro cabeludo ainda em forma\u00e7\u00e3o dos pequenos.<\/p>\n\n\n\n<p>A partir dos 11 anos, j\u00e1 \u00e9 poss\u00edvel fazer uso de produtos para tratamento profissionais, hidratantes, \u00f3leos capilares e m\u00e1scaras. Mas antes disso, evite esse tipo de contato o m\u00e1ximo que puder!<\/p>\n\n\n\n<p><br>Acesse o <a href=\"https:\/\/www.shoppingeldorado.com.br\/loja\/eldcortekids\/1?utm_source=Blog&amp;utm_id=J%C3%A1+pensou+em+agendar+o+corte+de+cabelo+do+seu+filho+online\">site do Shopping Eldorado Store<\/a> e agende o hor\u00e1rio de corte de cabelo infantil no Corte Kids agora mesmo. Esperamos sua visita!<\/p>\n","protected":false},"excerpt":{"rendered":"<p>Sabemos que a vida dos pais \u00e9 corrida, afinal, entre a escola, atividades extracurriculares e brincadeiras, n\u00e3o h\u00e1 horas suficientes no dia para organizar a vida das crian\u00e7as.&nbsp; Agora, imagine se fosse poss\u00edvel agendar o corte de cabelo do seu filho de forma online? Com o Corte Kids do Shopping Eldorado isso \u00e9 uma realidade! [&hellip;]<\/p>\n","protected":false},"author":1,"featured_media":2110,"comment_status":"open","ping_status":"open","sticky":false,"template":"","format":"standard","meta":{"footnotes":""},"categories":[55],"tags":[],"class_list":["post-2108","post","type-post","status-publish","format-standard","has-post-thumbnail","hentry","category-servicos"],"yoast_head":"<!-- This site is optimized with the Yoast SEO plugin v27.2 - https:\/\/yoast.com\/product\/yoast-seo-wordpress\/ -->\n<title>Com o Corte Kids voc\u00ea agenda o corte de cabelo do seu filo online!<\/title>\n<meta name=\"description\" content=\"Agende online o corte de cabelo infantil no Corte Kids do Shopping Eldorado. Profissionais especializados e servi\u00e7os exclusivos.\" \/>\n<meta name=\"robots\" content=\"index, follow, max-snippet:-1, max-image-preview:large, max-video-preview:-1\" \/>\n<link rel=\"canonical\" href=\"https:\/\/webnasc.com\/eldorado\/agendar-o-corte-de-cabelo-online-corte-kids\/\" \/>\n<meta property=\"og:locale\" content=\"pt_BR\" \/>\n<meta property=\"og:type\" content=\"article\" \/>\n<meta property=\"og:title\" content=\"Com o Corte Kids voc\u00ea agenda o corte de cabelo do seu filo online!\" \/>\n<meta property=\"og:description\" content=\"Agende online o corte de cabelo infantil no Corte Kids do Shopping Eldorado. Profissionais especializados e servi\u00e7os exclusivos.\" \/>\n<meta property=\"og:url\" content=\"https:\/\/webnasc.com\/eldorado\/agendar-o-corte-de-cabelo-online-corte-kids\/\" \/>\n<meta property=\"og:site_name\" content=\"Blog do Shopping Eldorado\" \/>\n<meta property=\"article:published_time\" content=\"2024-01-23T17:31:42+00:00\" \/>\n<meta property=\"og:image\" content=\"https:\/\/webnasc.com\/eldorado\/wp-content\/uploads\/2024\/01\/Corte-Kids.jpg\" \/>\n\t<meta property=\"og:image:width\" content=\"1400\" \/>\n\t<meta property=\"og:image:height\" content=\"933\" \/>\n\t<meta property=\"og:image:type\" content=\"image\/jpeg\" \/>\n<meta name=\"author\" content=\"YfUiF46A\" \/>\n<meta name=\"twitter:card\" content=\"summary_large_image\" \/>\n<meta name=\"twitter:label1\" content=\"Escrito por\" \/>\n\t<meta name=\"twitter:data1\" content=\"YfUiF46A\" \/>\n\t<meta name=\"twitter:label2\" content=\"Est. tempo de leitura\" \/>\n\t<meta name=\"twitter:data2\" content=\"5 minutos\" \/>\n<script type=\"application\/ld+json\" class=\"yoast-schema-graph\">{\"@context\":\"https:\/\/schema.org\",\"@graph\":[{\"@type\":\"Article\",\"@id\":\"https:\/\/webnasc.com\/eldorado\/agendar-o-corte-de-cabelo-online-corte-kids\/#article\",\"isPartOf\":{\"@id\":\"https:\/\/webnasc.com\/eldorado\/agendar-o-corte-de-cabelo-online-corte-kids\/\"},\"author\":{\"name\":\"YfUiF46A\",\"@id\":\"https:\/\/webnasc.com\/eldorado\/#\/schema\/person\/19412b40961bb518fe08dac1c2cd064e\"},\"headline\":\"J\u00e1 pensou em agendar o corte de cabelo do seu filho online? Com o Corte Kids \u00e9 poss\u00edvel!\",\"datePublished\":\"2024-01-23T17:31:42+00:00\",\"mainEntityOfPage\":{\"@id\":\"https:\/\/webnasc.com\/eldorado\/agendar-o-corte-de-cabelo-online-corte-kids\/\"},\"wordCount\":806,\"commentCount\":0,\"image\":{\"@id\":\"https:\/\/webnasc.com\/eldorado\/agendar-o-corte-de-cabelo-online-corte-kids\/#primaryimage\"},\"thumbnailUrl\":\"https:\/\/webnasc.com\/eldorado\/wp-content\/uploads\/2024\/01\/Corte-Kids.jpg\",\"articleSection\":[\"Servi\u00e7os\"],\"inLanguage\":\"pt-BR\",\"potentialAction\":[{\"@type\":\"CommentAction\",\"name\":\"Comment\",\"target\":[\"https:\/\/webnasc.com\/eldorado\/agendar-o-corte-de-cabelo-online-corte-kids\/#respond\"]}]},{\"@type\":\"WebPage\",\"@id\":\"https:\/\/webnasc.com\/eldorado\/agendar-o-corte-de-cabelo-online-corte-kids\/\",\"url\":\"https:\/\/webnasc.com\/eldorado\/agendar-o-corte-de-cabelo-online-corte-kids\/\",\"name\":\"Com o Corte Kids voc\u00ea agenda o corte de cabelo do seu filo online!\",\"isPartOf\":{\"@id\":\"https:\/\/webnasc.com\/eldorado\/#website\"},\"primaryImageOfPage\":{\"@id\":\"https:\/\/webnasc.com\/eldorado\/agendar-o-corte-de-cabelo-online-corte-kids\/#primaryimage\"},\"image\":{\"@id\":\"https:\/\/webnasc.com\/eldorado\/agendar-o-corte-de-cabelo-online-corte-kids\/#primaryimage\"},\"thumbnailUrl\":\"https:\/\/webnasc.com\/eldorado\/wp-content\/uploads\/2024\/01\/Corte-Kids.jpg\",\"datePublished\":\"2024-01-23T17:31:42+00:00\",\"author\":{\"@id\":\"https:\/\/webnasc.com\/eldorado\/#\/schema\/person\/19412b40961bb518fe08dac1c2cd064e\"},\"description\":\"Agende online o corte de cabelo infantil no Corte Kids do Shopping Eldorado. Profissionais especializados e servi\u00e7os exclusivos.\",\"breadcrumb\":{\"@id\":\"https:\/\/webnasc.com\/eldorado\/agendar-o-corte-de-cabelo-online-corte-kids\/#breadcrumb\"},\"inLanguage\":\"pt-BR\",\"potentialAction\":[{\"@type\":\"ReadAction\",\"target\":[\"https:\/\/webnasc.com\/eldorado\/agendar-o-corte-de-cabelo-online-corte-kids\/\"]}]},{\"@type\":\"ImageObject\",\"inLanguage\":\"pt-BR\",\"@id\":\"https:\/\/webnasc.com\/eldorado\/agendar-o-corte-de-cabelo-online-corte-kids\/#primaryimage\",\"url\":\"https:\/\/webnasc.com\/eldorado\/wp-content\/uploads\/2024\/01\/Corte-Kids.jpg\",\"contentUrl\":\"https:\/\/webnasc.com\/eldorado\/wp-content\/uploads\/2024\/01\/Corte-Kids.jpg\",\"width\":1400,\"height\":933,\"caption\":\"Corte Kids\"},{\"@type\":\"BreadcrumbList\",\"@id\":\"https:\/\/webnasc.com\/eldorado\/agendar-o-corte-de-cabelo-online-corte-kids\/#breadcrumb\",\"itemListElement\":[{\"@type\":\"ListItem\",\"position\":1,\"name\":\"Home\",\"item\":\"https:\/\/webnasc.com\/eldorado\/\"},{\"@type\":\"ListItem\",\"position\":2,\"name\":\"J\u00e1 pensou em agendar o corte de cabelo do seu filho online? Com o Corte Kids \u00e9 poss\u00edvel!\"}]},{\"@type\":\"WebSite\",\"@id\":\"https:\/\/webnasc.com\/eldorado\/#website\",\"url\":\"https:\/\/webnasc.com\/eldorado\/\",\"name\":\"Blog do Shopping Eldorado\",\"description\":\"O seu shopping favorito agora entrega na sua casa! Vem para o Shopping Eldorado Store\",\"potentialAction\":[{\"@type\":\"SearchAction\",\"target\":{\"@type\":\"EntryPoint\",\"urlTemplate\":\"https:\/\/webnasc.com\/eldorado\/?s={search_term_string}\"},\"query-input\":{\"@type\":\"PropertyValueSpecification\",\"valueRequired\":true,\"valueName\":\"search_term_string\"}}],\"inLanguage\":\"pt-BR\"},{\"@type\":\"Person\",\"@id\":\"https:\/\/webnasc.com\/eldorado\/#\/schema\/person\/19412b40961bb518fe08dac1c2cd064e\",\"name\":\"YfUiF46A\",\"image\":{\"@type\":\"ImageObject\",\"inLanguage\":\"pt-BR\",\"@id\":\"https:\/\/secure.gravatar.com\/avatar\/1f65e6f958ebe87fa4149c37609af9c2fae8b1a8127452c09565315b682b49bf?s=96&d=mm&r=g\",\"url\":\"https:\/\/secure.gravatar.com\/avatar\/1f65e6f958ebe87fa4149c37609af9c2fae8b1a8127452c09565315b682b49bf?s=96&d=mm&r=g\",\"contentUrl\":\"https:\/\/secure.gravatar.com\/avatar\/1f65e6f958ebe87fa4149c37609af9c2fae8b1a8127452c09565315b682b49bf?s=96&d=mm&r=g\",\"caption\":\"YfUiF46A\"},\"sameAs\":[\"https:\/\/webnasc.com\/eldorado\"],\"url\":\"https:\/\/webnasc.com\/eldorado\/author\/yfuif46a\/\"}]}<\/script>\n<!-- \/ Yoast SEO plugin. -->","yoast_head_json":{"title":"Com o Corte Kids voc\u00ea agenda o corte de cabelo do seu filo online!","description":"Agende online o corte de cabelo infantil no Corte Kids do Shopping Eldorado. Profissionais especializados e servi\u00e7os exclusivos.","robots":{"index":"index","follow":"follow","max-snippet":"max-snippet:-1","max-image-preview":"max-image-preview:large","max-video-preview":"max-video-preview:-1"},"canonical":"https:\/\/webnasc.com\/eldorado\/agendar-o-corte-de-cabelo-online-corte-kids\/","og_locale":"pt_BR","og_type":"article","og_title":"Com o Corte Kids voc\u00ea agenda o corte de cabelo do seu filo online!","og_description":"Agende online o corte de cabelo infantil no Corte Kids do Shopping Eldorado. Profissionais especializados e servi\u00e7os exclusivos.","og_url":"https:\/\/webnasc.com\/eldorado\/agendar-o-corte-de-cabelo-online-corte-kids\/","og_site_name":"Blog do Shopping Eldorado","article_published_time":"2024-01-23T17:31:42+00:00","og_image":[{"width":1400,"height":933,"url":"https:\/\/webnasc.com\/eldorado\/wp-content\/uploads\/2024\/01\/Corte-Kids.jpg","type":"image\/jpeg"}],"author":"YfUiF46A","twitter_card":"summary_large_image","twitter_misc":{"Escrito por":"YfUiF46A","Est. tempo de leitura":"5 minutos"},"schema":{"@context":"https:\/\/schema.org","@graph":[{"@type":"Article","@id":"https:\/\/webnasc.com\/eldorado\/agendar-o-corte-de-cabelo-online-corte-kids\/#article","isPartOf":{"@id":"https:\/\/webnasc.com\/eldorado\/agendar-o-corte-de-cabelo-online-corte-kids\/"},"author":{"name":"YfUiF46A","@id":"https:\/\/webnasc.com\/eldorado\/#\/schema\/person\/19412b40961bb518fe08dac1c2cd064e"},"headline":"J\u00e1 pensou em agendar o corte de cabelo do seu filho online? Com o Corte Kids \u00e9 poss\u00edvel!","datePublished":"2024-01-23T17:31:42+00:00","mainEntityOfPage":{"@id":"https:\/\/webnasc.com\/eldorado\/agendar-o-corte-de-cabelo-online-corte-kids\/"},"wordCount":806,"commentCount":0,"image":{"@id":"https:\/\/webnasc.com\/eldorado\/agendar-o-corte-de-cabelo-online-corte-kids\/#primaryimage"},"thumbnailUrl":"https:\/\/webnasc.com\/eldorado\/wp-content\/uploads\/2024\/01\/Corte-Kids.jpg","articleSection":["Servi\u00e7os"],"inLanguage":"pt-BR","potentialAction":[{"@type":"CommentAction","name":"Comment","target":["https:\/\/webnasc.com\/eldorado\/agendar-o-corte-de-cabelo-online-corte-kids\/#respond"]}]},{"@type":"WebPage","@id":"https:\/\/webnasc.com\/eldorado\/agendar-o-corte-de-cabelo-online-corte-kids\/","url":"https:\/\/webnasc.com\/eldorado\/agendar-o-corte-de-cabelo-online-corte-kids\/","name":"Com o Corte Kids voc\u00ea agenda o corte de cabelo do seu filo online!","isPartOf":{"@id":"https:\/\/webnasc.com\/eldorado\/#website"},"primaryImageOfPage":{"@id":"https:\/\/webnasc.com\/eldorado\/agendar-o-corte-de-cabelo-online-corte-kids\/#primaryimage"},"image":{"@id":"https:\/\/webnasc.com\/eldorado\/agendar-o-corte-de-cabelo-online-corte-kids\/#primaryimage"},"thumbnailUrl":"https:\/\/webnasc.com\/eldorado\/wp-content\/uploads\/2024\/01\/Corte-Kids.jpg","datePublished":"2024-01-23T17:31:42+00:00","author":{"@id":"https:\/\/webnasc.com\/eldorado\/#\/schema\/person\/19412b40961bb518fe08dac1c2cd064e"},"description":"Agende online o corte de cabelo infantil no Corte Kids do Shopping Eldorado. Profissionais especializados e servi\u00e7os exclusivos.","breadcrumb":{"@id":"https:\/\/webnasc.com\/eldorado\/agendar-o-corte-de-cabelo-online-corte-kids\/#breadcrumb"},"inLanguage":"pt-BR","potentialAction":[{"@type":"ReadAction","target":["https:\/\/webnasc.com\/eldorado\/agendar-o-corte-de-cabelo-online-corte-kids\/"]}]},{"@type":"ImageObject","inLanguage":"pt-BR","@id":"https:\/\/webnasc.com\/eldorado\/agendar-o-corte-de-cabelo-online-corte-kids\/#primaryimage","url":"https:\/\/webnasc.com\/eldorado\/wp-content\/uploads\/2024\/01\/Corte-Kids.jpg","contentUrl":"https:\/\/webnasc.com\/eldorado\/wp-content\/uploads\/2024\/01\/Corte-Kids.jpg","width":1400,"height":933,"caption":"Corte Kids"},{"@type":"BreadcrumbList","@id":"https:\/\/webnasc.com\/eldorado\/agendar-o-corte-de-cabelo-online-corte-kids\/#breadcrumb","itemListElement":[{"@type":"ListItem","position":1,"name":"Home","item":"https:\/\/webnasc.com\/eldorado\/"},{"@type":"ListItem","position":2,"name":"J\u00e1 pensou em agendar o corte de cabelo do seu filho online? Com o Corte Kids \u00e9 poss\u00edvel!"}]},{"@type":"WebSite","@id":"https:\/\/webnasc.com\/eldorado\/#website","url":"https:\/\/webnasc.com\/eldorado\/","name":"Blog do Shopping Eldorado","description":"O seu shopping favorito agora entrega na sua casa! Vem para o Shopping Eldorado Store","potentialAction":[{"@type":"SearchAction","target":{"@type":"EntryPoint","urlTemplate":"https:\/\/webnasc.com\/eldorado\/?s={search_term_string}"},"query-input":{"@type":"PropertyValueSpecification","valueRequired":true,"valueName":"search_term_string"}}],"inLanguage":"pt-BR"},{"@type":"Person","@id":"https:\/\/webnasc.com\/eldorado\/#\/schema\/person\/19412b40961bb518fe08dac1c2cd064e","name":"YfUiF46A","image":{"@type":"ImageObject","inLanguage":"pt-BR","@id":"https:\/\/secure.gravatar.com\/avatar\/1f65e6f958ebe87fa4149c37609af9c2fae8b1a8127452c09565315b682b49bf?s=96&d=mm&r=g","url":"https:\/\/secure.gravatar.com\/avatar\/1f65e6f958ebe87fa4149c37609af9c2fae8b1a8127452c09565315b682b49bf?s=96&d=mm&r=g","contentUrl":"https:\/\/secure.gravatar.com\/avatar\/1f65e6f958ebe87fa4149c37609af9c2fae8b1a8127452c09565315b682b49bf?s=96&d=mm&r=g","caption":"YfUiF46A"},"sameAs":["https:\/\/webnasc.com\/eldorado"],"url":"https:\/\/webnasc.com\/eldorado\/author\/yfuif46a\/"}]}},"_links":{"self":[{"href":"https:\/\/webnasc.com\/eldorado\/wp-json\/wp\/v2\/posts\/2108","targetHints":{"allow":["GET"]}}],"collection":[{"href":"https:\/\/webnasc.com\/eldorado\/wp-json\/wp\/v2\/posts"}],"about":[{"href":"https:\/\/webnasc.com\/eldorado\/wp-json\/wp\/v2\/types\/post"}],"author":[{"embeddable":true,"href":"https:\/\/webnasc.com\/eldorado\/wp-json\/wp\/v2\/users\/1"}],"replies":[{"embeddable":true,"href":"https:\/\/webnasc.com\/eldorado\/wp-json\/wp\/v2\/comments?post=2108"}],"version-history":[{"count":2,"href":"https:\/\/webnasc.com\/eldorado\/wp-json\/wp\/v2\/posts\/2108\/revisions"}],"predecessor-version":[{"id":2111,"href":"https:\/\/webnasc.com\/eldorado\/wp-json\/wp\/v2\/posts\/2108\/revisions\/2111"}],"wp:featuredmedia":[{"embeddable":true,"href":"https:\/\/webnasc.com\/eldorado\/wp-json\/wp\/v2\/media\/2110"}],"wp:attachment":[{"href":"https:\/\/webnasc.com\/eldorado\/wp-json\/wp\/v2\/media?parent=2108"}],"wp:term":[{"taxonomy":"category","embeddable":true,"href":"https:\/\/webnasc.com\/eldorado\/wp-json\/wp\/v2\/categories?post=2108"},{"taxonomy":"post_tag","embeddable":true,"href":"https:\/\/webnasc.com\/eldorado\/wp-json\/wp\/v2\/tags?post=2108"}],"curies":[{"name":"wp","href":"https:\/\/api.w.org\/{rel}","templated":true}]}}