{"id":2237,"date":"2024-08-19T16:45:00","date_gmt":"2024-08-19T19:45:00","guid":{"rendered":"https:\/\/blog.shoppingeldorado.com.br\/?p=2237"},"modified":"2024-08-19T16:35:41","modified_gmt":"2024-08-19T19:35:41","slug":"velas-aromaticas-como-escolher-as-melhores-para-seus-ambientes","status":"publish","type":"post","link":"https:\/\/webnasc.com\/eldorado\/velas-aromaticas-como-escolher-as-melhores-para-seus-ambientes\/","title":{"rendered":"Velas arom\u00e1ticas: como escolher as melhores para seus ambientes"},"content":{"rendered":"\n<p>Nos \u00faltimos anos, as <strong>velas arom\u00e1ticas <\/strong>t\u00eam se tornado um item indispens\u00e1vel na <strong>decora\u00e7\u00e3o de interiores<\/strong>: al\u00e9m de serem \u00f3timas <strong>pe\u00e7as de decora\u00e7\u00e3o<\/strong>, desempenham um papel fundamental no bem-estar, criando atmosferas acolhedoras e perfumadas que elevam qualquer ambiente.&nbsp;<\/p>\n\n\n\n<p>Mas como escolher a vela arom\u00e1tica perfeita para cada espa\u00e7o e ocasi\u00e3o? O <a href=\"https:\/\/blog.shoppingeldorado.com.br\/?utm_source=blog&amp;utm_medium=blog&amp;utm_id=velas-aromaticas\">blog do Shopping Eldorado<\/a> te convida a explorar como selecionar as melhores op\u00e7\u00f5es de <strong>velas arom\u00e1ticas decorativas<\/strong>, levando em conta fatores como fragr\u00e2ncia, tamanho, formato e ocasi\u00e3o. Continue lendo!<\/p>\n\n\n\n<h2 class=\"wp-block-heading\"><a href=\"https:\/\/www.shoppingeldorado.com.br\/busca\/1?q=vela&amp;utm_source=blog&amp;utm_medium=blog&amp;utm_id=velas-aromaticas\"><strong>Entendendo o papel das velas arom\u00e1ticas<\/strong><\/a><\/h2>\n\n\n\n<p>Diferentemente das velas comuns, as <strong>velas arom\u00e1ticas <\/strong>v\u00e3o al\u00e9m da simples fun\u00e7\u00e3o de iluminar um ambiente. Al\u00e9m de deix\u00e1-lo ainda mais aconchegante, agrad\u00e1vel e perfumado, elas influenciam diretamente nossas emo\u00e7\u00f5es e podem transformar o estado de esp\u00edrito de quem as utiliza: um <a href=\"https:\/\/www.bbc.com\/portuguese\/geral-60393885#:~:text=Um%20estudo%20da%20Universidade%20de,principal%20raz%C3%A3o%20para%20essa%20rela%C3%A7%C3%A3o.\">estudo da Universidade de Utrecht<\/a>, na Holanda, mostra que o olfato est\u00e1 diretamente ligado \u00e0s mem\u00f3rias e emo\u00e7\u00f5es, o que torna as fragr\u00e2ncias um poderoso instrumento de bem-estar.<\/p>\n\n\n\n<p>As <strong>velas perfumadas <\/strong>podem ser utilizadas para relaxar ap\u00f3s um longo dia de trabalho, energizar durante a manh\u00e3, ou at\u00e9 mesmo criar um clima rom\u00e2ntico durante um jantar especial. O segredo est\u00e1 em escolher a fragr\u00e2ncia certa para cada momento e espa\u00e7o.<\/p>\n\n\n\n<h2 class=\"wp-block-heading\"><strong>Tipos de velas arom\u00e1ticas<\/strong><\/h2>\n\n\n\n<p>Antes de escolher uma vela, \u00e9 importante conhecer alguns dos diferentes tipos dispon\u00edveis no mercado:<\/p>\n\n\n\n<ul class=\"wp-block-list\">\n<li><strong>Velas de parafina<\/strong>: s\u00e3o as mais comuns e acess\u00edveis. Elas t\u00eam uma queima limpa, mas \u00e9 importante verificar se s\u00e3o feitas de parafina de boa qualidade para evitar a libera\u00e7\u00e3o de subst\u00e2ncias prejudiciais;<\/li>\n\n\n\n<li><strong>Velas de cera de soja:<\/strong> essas velas s\u00e3o naturais, sustent\u00e1veis e tendem a queimar por mais tempo. Al\u00e9m disso, s\u00e3o biodegrad\u00e1veis e produzem menos fuligem;<\/li>\n\n\n\n<li><strong>Velas de cera de abelha:<\/strong> conhecidas por sua queima limpa e longa dura\u00e7\u00e3o, as velas de cera de abelha tamb\u00e9m liberam um aroma natural e agrad\u00e1vel. No entanto, tendem a ser mais caras;<\/li>\n\n\n\n<li><strong>Velas de cera de coco:<\/strong> relativamente novas no mercado, elas combinam cera de coco com outras ceras vegetais. Elas t\u00eam uma queima mais lenta e uniforme e oferecem uma \u00f3tima reten\u00e7\u00e3o de fragr\u00e2ncia.<\/li>\n<\/ul>\n\n\n\n<figure class=\"wp-block-image size-large\"><img fetchpriority=\"high\" decoding=\"async\" width=\"1024\" height=\"682\" src=\"https:\/\/blog.shoppingeldorado.com.br\/wp-content\/uploads\/2024\/08\/2149186317-1024x682.jpg\" alt=\"\" class=\"wp-image-2238\" srcset=\"https:\/\/webnasc.com\/eldorado\/wp-content\/uploads\/2024\/08\/2149186317-1024x682.jpg 1024w, https:\/\/webnasc.com\/eldorado\/wp-content\/uploads\/2024\/08\/2149186317-300x200.jpg 300w, https:\/\/webnasc.com\/eldorado\/wp-content\/uploads\/2024\/08\/2149186317-768x512.jpg 768w, https:\/\/webnasc.com\/eldorado\/wp-content\/uploads\/2024\/08\/2149186317-1536x1024.jpg 1536w, https:\/\/webnasc.com\/eldorado\/wp-content\/uploads\/2024\/08\/2149186317-1920x1280.jpg 1920w, https:\/\/webnasc.com\/eldorado\/wp-content\/uploads\/2024\/08\/2149186317-1170x780.jpg 1170w, https:\/\/webnasc.com\/eldorado\/wp-content\/uploads\/2024\/08\/2149186317-585x390.jpg 585w, https:\/\/webnasc.com\/eldorado\/wp-content\/uploads\/2024\/08\/2149186317-263x175.jpg 263w, https:\/\/webnasc.com\/eldorado\/wp-content\/uploads\/2024\/08\/2149186317.jpg 2000w\" sizes=\"(max-width: 1024px) 100vw, 1024px\" \/><\/figure>\n\n\n\n<h2 class=\"wp-block-heading\"><strong>Como escolher a fragr\u00e2ncia ideal<\/strong><\/h2>\n\n\n\n<p>A escolha da fragr\u00e2ncia \u00e9, sem d\u00favida, o aspecto mais pessoal na sele\u00e7\u00e3o de uma <strong>vela perfumada<\/strong>. Cada fragr\u00e2ncia pode evocar diferentes sensa\u00e7\u00f5es e adequar-se a diferentes momentos.<\/p>\n\n\n\n<h3 class=\"wp-block-heading\">Para relaxar<\/h3>\n\n\n\n<p>Fragr\u00e2ncias como lavanda, camomila e s\u00e2ndalo s\u00e3o perfeitas para criar um ambiente relaxante. Uma <strong>vela arom\u00e1tica<\/strong> com fragr\u00e2ncias como essas, tanto sozinhas quanto em uma mistura, s\u00e3o ideais para o quarto ou para uma sala de leitura, ajudando a acalmar a mente e preparar para uma boa noite de sono.<\/p>\n\n\n\n<h3 class=\"wp-block-heading\">Para energizar<\/h3>\n\n\n\n<p>Se a ideia \u00e9 trazer mais energia e disposi\u00e7\u00e3o para o ambiente, opte por fragr\u00e2ncias c\u00edtricas, como laranja, lim\u00e3o, ou grapefruit. Aromas com notas de eucalipto e hortel\u00e3 tamb\u00e9m s\u00e3o \u00f3timos para proporcionar frescor e revitaliza\u00e7\u00e3o.<\/p>\n\n\n\n<h3 class=\"wp-block-heading\">Para confortar<\/h3>\n\n\n\n<p>Fragr\u00e2ncias com notas de baunilha, canela ou cacau trazem uma sensa\u00e7\u00e3o de conforto e acolhimento, e fazem dessas <strong>velas decorativas<\/strong> op\u00e7\u00f5es perfeitas para momentos de introspec\u00e7\u00e3o ou receber convidados em casa.<\/p>\n\n\n\n<h3 class=\"wp-block-heading\">Para criar um clima rom\u00e2ntico<\/h3>\n\n\n\n<p>Rosa, jasmim e ylang-ylang s\u00e3o aromas tradicionais quando o objetivo \u00e9 criar uma atmosfera rom\u00e2ntica. Eles s\u00e3o suaves, sedutores e perfeitos para jantares \u00e0 luz de velas.<\/p>\n\n\n\n<h3 class=\"wp-block-heading\">Para meditar<\/h3>\n\n\n\n<p>Notas de incenso, mirra e patchouli s\u00e3o ideais para momentos de medita\u00e7\u00e3o e introspec\u00e7\u00e3o, pois ajudam a purificar o ambiente e criar um espa\u00e7o sagrado.<\/p>\n\n\n\n<h2 class=\"wp-block-heading\"><strong>Considerando o tamanho e a dura\u00e7\u00e3o da vela<\/strong><\/h2>\n\n\n\n<p>Outro aspecto importante \u00e9 o tamanho da vela, que deve ser pensado para se adaptar ao espa\u00e7o onde ela ser\u00e1 utilizada.<\/p>\n\n\n\n<p>Em ambientes maiores, como salas de estar ou de jantar, <strong>velas perfumadas <\/strong>maiores ou um conjunto delas pode ser mais eficaz para difundir a fragr\u00e2ncia de maneira uniforme. J\u00e1 em espa\u00e7os menores, como banheiros ou quartos pequenos, velas menores ou m\u00e9dias s\u00e3o suficientes.<\/p>\n\n\n\n<p>Tamb\u00e9m \u00e9 importante considerar o tempo de queima: velas de alta qualidade, especialmente as feitas de cera de soja ou abelha, tendem a queimar por mais tempo. Se voc\u00ea deseja que a vela dure por muitas horas, \u00e9 recomend\u00e1vel investir em velas de longa dura\u00e7\u00e3o.<\/p>\n\n\n\n<h2 class=\"wp-block-heading\"><strong>Uma vela para cada ocasi\u00e3o<\/strong><\/h2>\n\n\n\n<p>Al\u00e9m do ambiente, a ocasi\u00e3o tamb\u00e9m \u00e9 determinante na escolha das <strong>velas arom\u00e1ticas <\/strong>ideais. Aqui est\u00e3o algumas sugest\u00f5es:<\/p>\n\n\n\n<h3 class=\"wp-block-heading\">Jantar rom\u00e2ntico<\/h3>\n\n\n\n<p>Para um jantar a dois, escolha velas com fragr\u00e2ncias sensuais e embalagens sofisticadas: uma <strong>vela perfumada<\/strong> com notas de rosas ou jasmim em um recipiente de vidro elegante adiciona um toque de glamour \u00e0 mesa.<\/p>\n\n\n\n<h3 class=\"wp-block-heading\">Recep\u00e7\u00e3o de amigos<\/h3>\n\n\n\n<p>Para uma noite descontra\u00edda com amigos, opte por fragr\u00e2ncias leves e convidativas, como baunilha ou canela. Velas em recipientes de cer\u00e2mica ou latas decoradas podem adicionar charme ao ambiente.<\/p>\n\n\n\n<h3 class=\"wp-block-heading\">Relaxamento pessoal<\/h3>\n\n\n\n<p>Se voc\u00ea est\u00e1 planejando uma noite de autocuidado, invista em velas arom\u00e1ticas com propriedades calmantes: velas de lavanda ou camomila em potes de cer\u00e2mica artesanal podem transformar qualquer banheiro em um spa particular.<\/p>\n\n\n\n<h3 class=\"wp-block-heading\">Presentes especiais<\/h3>\n\n\n\n<p>Velas arom\u00e1ticas tamb\u00e9m s\u00e3o \u00f3timos presentes! Para ocasi\u00f5es especiais, como anivers\u00e1rios ou festas de final de ano, escolha velas que venham em embalagens bonitas e sofisticadas. Fragr\u00e2ncias universais como baunilha, lavanda ou c\u00edtricos suaves costumam agradar \u00e0 maioria das pessoas.<\/p>\n\n\n\n<figure class=\"wp-block-image size-large\"><img decoding=\"async\" width=\"1024\" height=\"732\" src=\"https:\/\/blog.shoppingeldorado.com.br\/wp-content\/uploads\/2024\/08\/2148720017-1024x732.jpg\" alt=\"\" class=\"wp-image-2239\" srcset=\"https:\/\/webnasc.com\/eldorado\/wp-content\/uploads\/2024\/08\/2148720017-1024x732.jpg 1024w, https:\/\/webnasc.com\/eldorado\/wp-content\/uploads\/2024\/08\/2148720017-300x214.jpg 300w, https:\/\/webnasc.com\/eldorado\/wp-content\/uploads\/2024\/08\/2148720017-768x549.jpg 768w, https:\/\/webnasc.com\/eldorado\/wp-content\/uploads\/2024\/08\/2148720017-1536x1097.jpg 1536w, https:\/\/webnasc.com\/eldorado\/wp-content\/uploads\/2024\/08\/2148720017-1920x1372.jpg 1920w, https:\/\/webnasc.com\/eldorado\/wp-content\/uploads\/2024\/08\/2148720017-1170x836.jpg 1170w, https:\/\/webnasc.com\/eldorado\/wp-content\/uploads\/2024\/08\/2148720017-585x418.jpg 585w, https:\/\/webnasc.com\/eldorado\/wp-content\/uploads\/2024\/08\/2148720017.jpg 2000w\" sizes=\"(max-width: 1024px) 100vw, 1024px\" \/><\/figure>\n\n\n\n<h2 class=\"wp-block-heading\"><strong>O design tamb\u00e9m importa<\/strong><\/h2>\n\n\n\n<p>E, claro, al\u00e9m de deixarem o ambiente mais perfumado, o design \u00e9 um fator que n\u00e3o pode ser ignorado nas <strong>velas para decora\u00e7\u00e3o<\/strong>.<\/p>\n\n\n\n<p>Op\u00e7\u00f5es em recipientes de vidro, cer\u00e2mica artesanal ou at\u00e9 mesmo em latas met\u00e1licas decoradas podem complementar a decora\u00e7\u00e3o do ambiente e trazer um toque de sofistica\u00e7\u00e3o.<\/p>\n\n\n\n<p>Recipientes reutiliz\u00e1veis tamb\u00e9m s\u00e3o uma tend\u00eancia crescente, j\u00e1 que muitos consumidores buscam por produtos sustent\u00e1veis. Velas que v\u00eam em recipientes elegantes que podem ser reutilizados como vasos ou potes s\u00e3o uma \u00f3tima op\u00e7\u00e3o para quem valoriza o design e a sustentabilidade.<\/p>\n\n\n\n<h2 class=\"wp-block-heading\"><strong>Cuidados ao usar velas arom\u00e1ticas<\/strong><\/h2>\n\n\n\n<p>Apesar de todos os benef\u00edcios, \u00e9 importante tomar alguns cuidados ao utilizar <strong>velas arom\u00e1ticas<\/strong>!<\/p>\n\n\n\n<p>Sempre que poss\u00edvel, mantenha as velas longe de correntes de ar e nunca as deixe acesas sem supervis\u00e3o. Al\u00e9m disso, \u00e9 recomend\u00e1vel aparar o pavio regularmente para evitar a forma\u00e7\u00e3o de fuligem e garantir uma queima uniforme.<\/p>\n\n\n\n<p>Se voc\u00ea tem animais de estima\u00e7\u00e3o ou crian\u00e7as pequenas em casa, opte por velas em recipientes seguros e mantenha-as fora do alcance. Algumas fragr\u00e2ncias podem ser irritantes para os animais, ent\u00e3o \u00e9 importante escolher velas feitas com ingredientes naturais e de qualidade.<\/p>\n\n\n\n<p>Escolher a <strong>vela arom\u00e1tica <\/strong>perfeita para o seu ambiente \u00e9 uma arte que envolve tanto a raz\u00e3o quanto a emo\u00e7\u00e3o. Ao considerar a fragr\u00e2ncia, o tipo de cera, o design e a ocasi\u00e3o, voc\u00ea pode criar ambientes que refletem sua personalidade e elevam o seu bem-estar. E aqui no Shopping Eldorado, voc\u00ea encontra uma sele\u00e7\u00e3o de velas arom\u00e1ticas de alta qualidade, prontas para atender todas as suas necessidades e prefer\u00eancias.<\/p>\n\n\n\n<p>Navegue pelo nosso site e explore o mundo das velas arom\u00e1ticas, onde cada fragr\u00e2ncia conta uma hist\u00f3ria e transforma sua casa em um verdadeiro ref\u00fagio de paz e harmonia!<\/p>\n","protected":false},"excerpt":{"rendered":"<p>Nos \u00faltimos anos, as velas arom\u00e1ticas t\u00eam se tornado um item indispens\u00e1vel na decora\u00e7\u00e3o de interiores: al\u00e9m de serem \u00f3timas pe\u00e7as de decora\u00e7\u00e3o, desempenham um papel fundamental no bem-estar, criando atmosferas acolhedoras e perfumadas que elevam qualquer ambiente.&nbsp; Mas como escolher a vela arom\u00e1tica perfeita para cada espa\u00e7o e ocasi\u00e3o? O blog do Shopping Eldorado [&hellip;]<\/p>\n","protected":false},"author":1,"featured_media":2240,"comment_status":"open","ping_status":"open","sticky":false,"template":"","format":"standard","meta":{"footnotes":""},"categories":[1],"tags":[],"class_list":["post-2237","post","type-post","status-publish","format-standard","has-post-thumbnail","hentry","category-saude-de-beleza"],"yoast_head":"<!-- This site is optimized with the Yoast SEO plugin v27.2 - https:\/\/yoast.com\/product\/yoast-seo-wordpress\/ -->\n<title>Velas arom\u00e1ticas: como escolher as melhores para seus ambientes<\/title>\n<meta name=\"description\" content=\"Essenciais na decora\u00e7\u00e3o, as velas arom\u00e1ticas deixam qualquer ambiente mais agrad\u00e1vel. Saiba mais no blog do Shopping Eldorado!\" \/>\n<meta name=\"robots\" content=\"index, follow, max-snippet:-1, max-image-preview:large, max-video-preview:-1\" \/>\n<link rel=\"canonical\" href=\"https:\/\/webnasc.com\/eldorado\/velas-aromaticas-como-escolher-as-melhores-para-seus-ambientes\/\" \/>\n<meta property=\"og:locale\" content=\"pt_BR\" \/>\n<meta property=\"og:type\" content=\"article\" \/>\n<meta property=\"og:title\" content=\"Velas arom\u00e1ticas: como escolher as melhores para seus ambientes\" \/>\n<meta property=\"og:description\" content=\"Essenciais na decora\u00e7\u00e3o, as velas arom\u00e1ticas deixam qualquer ambiente mais agrad\u00e1vel. Saiba mais no blog do Shopping Eldorado!\" \/>\n<meta property=\"og:url\" content=\"https:\/\/webnasc.com\/eldorado\/velas-aromaticas-como-escolher-as-melhores-para-seus-ambientes\/\" \/>\n<meta property=\"og:site_name\" content=\"Blog do Shopping Eldorado\" \/>\n<meta property=\"article:published_time\" content=\"2024-08-19T19:45:00+00:00\" \/>\n<meta property=\"og:image\" content=\"https:\/\/webnasc.com\/eldorado\/wp-content\/uploads\/2024\/08\/mulher-de-alto-angulo-segurando-vela_23-2150170707.jpg\" \/>\n\t<meta property=\"og:image:width\" content=\"740\" \/>\n\t<meta property=\"og:image:height\" content=\"494\" \/>\n\t<meta property=\"og:image:type\" content=\"image\/jpeg\" \/>\n<meta name=\"author\" content=\"YfUiF46A\" \/>\n<meta name=\"twitter:card\" content=\"summary_large_image\" \/>\n<meta name=\"twitter:label1\" content=\"Escrito por\" \/>\n\t<meta name=\"twitter:data1\" content=\"YfUiF46A\" \/>\n\t<meta name=\"twitter:label2\" content=\"Est. tempo de leitura\" \/>\n\t<meta name=\"twitter:data2\" content=\"7 minutos\" \/>\n<script type=\"application\/ld+json\" class=\"yoast-schema-graph\">{\"@context\":\"https:\/\/schema.org\",\"@graph\":[{\"@type\":\"Article\",\"@id\":\"https:\/\/webnasc.com\/eldorado\/velas-aromaticas-como-escolher-as-melhores-para-seus-ambientes\/#article\",\"isPartOf\":{\"@id\":\"https:\/\/webnasc.com\/eldorado\/velas-aromaticas-como-escolher-as-melhores-para-seus-ambientes\/\"},\"author\":{\"name\":\"YfUiF46A\",\"@id\":\"https:\/\/webnasc.com\/eldorado\/#\/schema\/person\/19412b40961bb518fe08dac1c2cd064e\"},\"headline\":\"Velas arom\u00e1ticas: como escolher as melhores para seus ambientes\",\"datePublished\":\"2024-08-19T19:45:00+00:00\",\"mainEntityOfPage\":{\"@id\":\"https:\/\/webnasc.com\/eldorado\/velas-aromaticas-como-escolher-as-melhores-para-seus-ambientes\/\"},\"wordCount\":1280,\"commentCount\":0,\"image\":{\"@id\":\"https:\/\/webnasc.com\/eldorado\/velas-aromaticas-como-escolher-as-melhores-para-seus-ambientes\/#primaryimage\"},\"thumbnailUrl\":\"https:\/\/webnasc.com\/eldorado\/wp-content\/uploads\/2024\/08\/mulher-de-alto-angulo-segurando-vela_23-2150170707.jpg\",\"articleSection\":[\"Sa\u00fade e Beleza\"],\"inLanguage\":\"pt-BR\",\"potentialAction\":[{\"@type\":\"CommentAction\",\"name\":\"Comment\",\"target\":[\"https:\/\/webnasc.com\/eldorado\/velas-aromaticas-como-escolher-as-melhores-para-seus-ambientes\/#respond\"]}]},{\"@type\":\"WebPage\",\"@id\":\"https:\/\/webnasc.com\/eldorado\/velas-aromaticas-como-escolher-as-melhores-para-seus-ambientes\/\",\"url\":\"https:\/\/webnasc.com\/eldorado\/velas-aromaticas-como-escolher-as-melhores-para-seus-ambientes\/\",\"name\":\"Velas arom\u00e1ticas: como escolher as melhores para seus ambientes\",\"isPartOf\":{\"@id\":\"https:\/\/webnasc.com\/eldorado\/#website\"},\"primaryImageOfPage\":{\"@id\":\"https:\/\/webnasc.com\/eldorado\/velas-aromaticas-como-escolher-as-melhores-para-seus-ambientes\/#primaryimage\"},\"image\":{\"@id\":\"https:\/\/webnasc.com\/eldorado\/velas-aromaticas-como-escolher-as-melhores-para-seus-ambientes\/#primaryimage\"},\"thumbnailUrl\":\"https:\/\/webnasc.com\/eldorado\/wp-content\/uploads\/2024\/08\/mulher-de-alto-angulo-segurando-vela_23-2150170707.jpg\",\"datePublished\":\"2024-08-19T19:45:00+00:00\",\"author\":{\"@id\":\"https:\/\/webnasc.com\/eldorado\/#\/schema\/person\/19412b40961bb518fe08dac1c2cd064e\"},\"description\":\"Essenciais na decora\u00e7\u00e3o, as velas arom\u00e1ticas deixam qualquer ambiente mais agrad\u00e1vel. Saiba mais no blog do Shopping Eldorado!\",\"breadcrumb\":{\"@id\":\"https:\/\/webnasc.com\/eldorado\/velas-aromaticas-como-escolher-as-melhores-para-seus-ambientes\/#breadcrumb\"},\"inLanguage\":\"pt-BR\",\"potentialAction\":[{\"@type\":\"ReadAction\",\"target\":[\"https:\/\/webnasc.com\/eldorado\/velas-aromaticas-como-escolher-as-melhores-para-seus-ambientes\/\"]}]},{\"@type\":\"ImageObject\",\"inLanguage\":\"pt-BR\",\"@id\":\"https:\/\/webnasc.com\/eldorado\/velas-aromaticas-como-escolher-as-melhores-para-seus-ambientes\/#primaryimage\",\"url\":\"https:\/\/webnasc.com\/eldorado\/wp-content\/uploads\/2024\/08\/mulher-de-alto-angulo-segurando-vela_23-2150170707.jpg\",\"contentUrl\":\"https:\/\/webnasc.com\/eldorado\/wp-content\/uploads\/2024\/08\/mulher-de-alto-angulo-segurando-vela_23-2150170707.jpg\",\"width\":740,\"height\":494,\"caption\":\"Velas arom\u00e1ticas: como escolher as melhores para seus ambientes e ocasi\u00f5es\"},{\"@type\":\"BreadcrumbList\",\"@id\":\"https:\/\/webnasc.com\/eldorado\/velas-aromaticas-como-escolher-as-melhores-para-seus-ambientes\/#breadcrumb\",\"itemListElement\":[{\"@type\":\"ListItem\",\"position\":1,\"name\":\"Home\",\"item\":\"https:\/\/webnasc.com\/eldorado\/\"},{\"@type\":\"ListItem\",\"position\":2,\"name\":\"Velas arom\u00e1ticas: como escolher as melhores para seus ambientes\"}]},{\"@type\":\"WebSite\",\"@id\":\"https:\/\/webnasc.com\/eldorado\/#website\",\"url\":\"https:\/\/webnasc.com\/eldorado\/\",\"name\":\"Blog do Shopping Eldorado\",\"description\":\"O seu shopping favorito agora entrega na sua casa! Vem para o Shopping Eldorado Store\",\"potentialAction\":[{\"@type\":\"SearchAction\",\"target\":{\"@type\":\"EntryPoint\",\"urlTemplate\":\"https:\/\/webnasc.com\/eldorado\/?s={search_term_string}\"},\"query-input\":{\"@type\":\"PropertyValueSpecification\",\"valueRequired\":true,\"valueName\":\"search_term_string\"}}],\"inLanguage\":\"pt-BR\"},{\"@type\":\"Person\",\"@id\":\"https:\/\/webnasc.com\/eldorado\/#\/schema\/person\/19412b40961bb518fe08dac1c2cd064e\",\"name\":\"YfUiF46A\",\"image\":{\"@type\":\"ImageObject\",\"inLanguage\":\"pt-BR\",\"@id\":\"https:\/\/secure.gravatar.com\/avatar\/1f65e6f958ebe87fa4149c37609af9c2fae8b1a8127452c09565315b682b49bf?s=96&d=mm&r=g\",\"url\":\"https:\/\/secure.gravatar.com\/avatar\/1f65e6f958ebe87fa4149c37609af9c2fae8b1a8127452c09565315b682b49bf?s=96&d=mm&r=g\",\"contentUrl\":\"https:\/\/secure.gravatar.com\/avatar\/1f65e6f958ebe87fa4149c37609af9c2fae8b1a8127452c09565315b682b49bf?s=96&d=mm&r=g\",\"caption\":\"YfUiF46A\"},\"sameAs\":[\"https:\/\/webnasc.com\/eldorado\"],\"url\":\"https:\/\/webnasc.com\/eldorado\/author\/yfuif46a\/\"}]}<\/script>\n<!-- \/ Yoast SEO plugin. -->","yoast_head_json":{"title":"Velas arom\u00e1ticas: como escolher as melhores para seus ambientes","description":"Essenciais na decora\u00e7\u00e3o, as velas arom\u00e1ticas deixam qualquer ambiente mais agrad\u00e1vel. Saiba mais no blog do Shopping Eldorado!","robots":{"index":"index","follow":"follow","max-snippet":"max-snippet:-1","max-image-preview":"max-image-preview:large","max-video-preview":"max-video-preview:-1"},"canonical":"https:\/\/webnasc.com\/eldorado\/velas-aromaticas-como-escolher-as-melhores-para-seus-ambientes\/","og_locale":"pt_BR","og_type":"article","og_title":"Velas arom\u00e1ticas: como escolher as melhores para seus ambientes","og_description":"Essenciais na decora\u00e7\u00e3o, as velas arom\u00e1ticas deixam qualquer ambiente mais agrad\u00e1vel. Saiba mais no blog do Shopping Eldorado!","og_url":"https:\/\/webnasc.com\/eldorado\/velas-aromaticas-como-escolher-as-melhores-para-seus-ambientes\/","og_site_name":"Blog do Shopping Eldorado","article_published_time":"2024-08-19T19:45:00+00:00","og_image":[{"width":740,"height":494,"url":"https:\/\/webnasc.com\/eldorado\/wp-content\/uploads\/2024\/08\/mulher-de-alto-angulo-segurando-vela_23-2150170707.jpg","type":"image\/jpeg"}],"author":"YfUiF46A","twitter_card":"summary_large_image","twitter_misc":{"Escrito por":"YfUiF46A","Est. tempo de leitura":"7 minutos"},"schema":{"@context":"https:\/\/schema.org","@graph":[{"@type":"Article","@id":"https:\/\/webnasc.com\/eldorado\/velas-aromaticas-como-escolher-as-melhores-para-seus-ambientes\/#article","isPartOf":{"@id":"https:\/\/webnasc.com\/eldorado\/velas-aromaticas-como-escolher-as-melhores-para-seus-ambientes\/"},"author":{"name":"YfUiF46A","@id":"https:\/\/webnasc.com\/eldorado\/#\/schema\/person\/19412b40961bb518fe08dac1c2cd064e"},"headline":"Velas arom\u00e1ticas: como escolher as melhores para seus ambientes","datePublished":"2024-08-19T19:45:00+00:00","mainEntityOfPage":{"@id":"https:\/\/webnasc.com\/eldorado\/velas-aromaticas-como-escolher-as-melhores-para-seus-ambientes\/"},"wordCount":1280,"commentCount":0,"image":{"@id":"https:\/\/webnasc.com\/eldorado\/velas-aromaticas-como-escolher-as-melhores-para-seus-ambientes\/#primaryimage"},"thumbnailUrl":"https:\/\/webnasc.com\/eldorado\/wp-content\/uploads\/2024\/08\/mulher-de-alto-angulo-segurando-vela_23-2150170707.jpg","articleSection":["Sa\u00fade e Beleza"],"inLanguage":"pt-BR","potentialAction":[{"@type":"CommentAction","name":"Comment","target":["https:\/\/webnasc.com\/eldorado\/velas-aromaticas-como-escolher-as-melhores-para-seus-ambientes\/#respond"]}]},{"@type":"WebPage","@id":"https:\/\/webnasc.com\/eldorado\/velas-aromaticas-como-escolher-as-melhores-para-seus-ambientes\/","url":"https:\/\/webnasc.com\/eldorado\/velas-aromaticas-como-escolher-as-melhores-para-seus-ambientes\/","name":"Velas arom\u00e1ticas: como escolher as melhores para seus ambientes","isPartOf":{"@id":"https:\/\/webnasc.com\/eldorado\/#website"},"primaryImageOfPage":{"@id":"https:\/\/webnasc.com\/eldorado\/velas-aromaticas-como-escolher-as-melhores-para-seus-ambientes\/#primaryimage"},"image":{"@id":"https:\/\/webnasc.com\/eldorado\/velas-aromaticas-como-escolher-as-melhores-para-seus-ambientes\/#primaryimage"},"thumbnailUrl":"https:\/\/webnasc.com\/eldorado\/wp-content\/uploads\/2024\/08\/mulher-de-alto-angulo-segurando-vela_23-2150170707.jpg","datePublished":"2024-08-19T19:45:00+00:00","author":{"@id":"https:\/\/webnasc.com\/eldorado\/#\/schema\/person\/19412b40961bb518fe08dac1c2cd064e"},"description":"Essenciais na decora\u00e7\u00e3o, as velas arom\u00e1ticas deixam qualquer ambiente mais agrad\u00e1vel. Saiba mais no blog do Shopping Eldorado!","breadcrumb":{"@id":"https:\/\/webnasc.com\/eldorado\/velas-aromaticas-como-escolher-as-melhores-para-seus-ambientes\/#breadcrumb"},"inLanguage":"pt-BR","potentialAction":[{"@type":"ReadAction","target":["https:\/\/webnasc.com\/eldorado\/velas-aromaticas-como-escolher-as-melhores-para-seus-ambientes\/"]}]},{"@type":"ImageObject","inLanguage":"pt-BR","@id":"https:\/\/webnasc.com\/eldorado\/velas-aromaticas-como-escolher-as-melhores-para-seus-ambientes\/#primaryimage","url":"https:\/\/webnasc.com\/eldorado\/wp-content\/uploads\/2024\/08\/mulher-de-alto-angulo-segurando-vela_23-2150170707.jpg","contentUrl":"https:\/\/webnasc.com\/eldorado\/wp-content\/uploads\/2024\/08\/mulher-de-alto-angulo-segurando-vela_23-2150170707.jpg","width":740,"height":494,"caption":"Velas arom\u00e1ticas: como escolher as melhores para seus ambientes e ocasi\u00f5es"},{"@type":"BreadcrumbList","@id":"https:\/\/webnasc.com\/eldorado\/velas-aromaticas-como-escolher-as-melhores-para-seus-ambientes\/#breadcrumb","itemListElement":[{"@type":"ListItem","position":1,"name":"Home","item":"https:\/\/webnasc.com\/eldorado\/"},{"@type":"ListItem","position":2,"name":"Velas arom\u00e1ticas: como escolher as melhores para seus ambientes"}]},{"@type":"WebSite","@id":"https:\/\/webnasc.com\/eldorado\/#website","url":"https:\/\/webnasc.com\/eldorado\/","name":"Blog do Shopping Eldorado","description":"O seu shopping favorito agora entrega na sua casa! Vem para o Shopping Eldorado Store","potentialAction":[{"@type":"SearchAction","target":{"@type":"EntryPoint","urlTemplate":"https:\/\/webnasc.com\/eldorado\/?s={search_term_string}"},"query-input":{"@type":"PropertyValueSpecification","valueRequired":true,"valueName":"search_term_string"}}],"inLanguage":"pt-BR"},{"@type":"Person","@id":"https:\/\/webnasc.com\/eldorado\/#\/schema\/person\/19412b40961bb518fe08dac1c2cd064e","name":"YfUiF46A","image":{"@type":"ImageObject","inLanguage":"pt-BR","@id":"https:\/\/secure.gravatar.com\/avatar\/1f65e6f958ebe87fa4149c37609af9c2fae8b1a8127452c09565315b682b49bf?s=96&d=mm&r=g","url":"https:\/\/secure.gravatar.com\/avatar\/1f65e6f958ebe87fa4149c37609af9c2fae8b1a8127452c09565315b682b49bf?s=96&d=mm&r=g","contentUrl":"https:\/\/secure.gravatar.com\/avatar\/1f65e6f958ebe87fa4149c37609af9c2fae8b1a8127452c09565315b682b49bf?s=96&d=mm&r=g","caption":"YfUiF46A"},"sameAs":["https:\/\/webnasc.com\/eldorado"],"url":"https:\/\/webnasc.com\/eldorado\/author\/yfuif46a\/"}]}},"_links":{"self":[{"href":"https:\/\/webnasc.com\/eldorado\/wp-json\/wp\/v2\/posts\/2237","targetHints":{"allow":["GET"]}}],"collection":[{"href":"https:\/\/webnasc.com\/eldorado\/wp-json\/wp\/v2\/posts"}],"about":[{"href":"https:\/\/webnasc.com\/eldorado\/wp-json\/wp\/v2\/types\/post"}],"author":[{"embeddable":true,"href":"https:\/\/webnasc.com\/eldorado\/wp-json\/wp\/v2\/users\/1"}],"replies":[{"embeddable":true,"href":"https:\/\/webnasc.com\/eldorado\/wp-json\/wp\/v2\/comments?post=2237"}],"version-history":[{"count":1,"href":"https:\/\/webnasc.com\/eldorado\/wp-json\/wp\/v2\/posts\/2237\/revisions"}],"predecessor-version":[{"id":2241,"href":"https:\/\/webnasc.com\/eldorado\/wp-json\/wp\/v2\/posts\/2237\/revisions\/2241"}],"wp:featuredmedia":[{"embeddable":true,"href":"https:\/\/webnasc.com\/eldorado\/wp-json\/wp\/v2\/media\/2240"}],"wp:attachment":[{"href":"https:\/\/webnasc.com\/eldorado\/wp-json\/wp\/v2\/media?parent=2237"}],"wp:term":[{"taxonomy":"category","embeddable":true,"href":"https:\/\/webnasc.com\/eldorado\/wp-json\/wp\/v2\/categories?post=2237"},{"taxonomy":"post_tag","embeddable":true,"href":"https:\/\/webnasc.com\/eldorado\/wp-json\/wp\/v2\/tags?post=2237"}],"curies":[{"name":"wp","href":"https:\/\/api.w.org\/{rel}","templated":true}]}}